{"id":69366,"date":"2024-12-18T10:00:07","date_gmt":"2024-12-18T15:00:07","guid":{"rendered":"https:\/\/veneportal.com\/noticias\/2024\/12\/18\/asesinan-alto-general-ruso-en-moscu-con-una-bomba\/"},"modified":"2024-12-18T10:00:07","modified_gmt":"2024-12-18T15:00:07","slug":"asesinan-alto-general-ruso-en-moscu-con-una-bomba","status":"publish","type":"post","link":"https:\/\/veneportal.com\/noticias\/2024\/12\/18\/asesinan-alto-general-ruso-en-moscu-con-una-bomba\/","title":{"rendered":"Asesinan alto general ruso en Mosc\u00fa con una bomba"},"content":{"rendered":"<p>[iframe src=&#8221;https:\/\/www.vozdeamerica.com\/embed\/player\/0\/7905234.html?type=video&#8221; width=&#8221;640&#8243; height=&#8221;360&#8243; frameborder=&#8221;0&#8243; scrolling=&#8221;no&#8221; allowfullscreen=&#8221;allowfullscreen&#8221;]<\/p>\n<p>Un alto general ruso acusado por Kiev de coordinar el uso de armas qu\u00edmicas contra tropas ucranianas fue asesinado con una bomba en Mosc\u00fa este martes. Ucrania a\u00fan no ha confirmado p\u00fablicamente la responsabilidad. Desde el Departamento de Estado, en Washington, les informa Iacopo Luzi.<\/p>\n<div class=\"venep-after-content venep-entity-placement\" id=\"venep-1324900849\"><div id=\"venep-968669865\"><script async src=\"https:\/\/pagead2.googlesyndication.com\/pagead\/js\/adsbygoogle.js?client=ca-pub-5862940809620110\"\r\n     crossorigin=\"anonymous\"><\/script>\r\n<ins class=\"adsbygoogle\"\r\n     style=\"display:block\"\r\n     data-ad-format=\"fluid\"\r\n     data-ad-layout-key=\"-6t+ed+2i-1n-4w\"\r\n     data-ad-client=\"ca-pub-5862940809620110\"\r\n     data-ad-slot=\"7946604715\"><\/ins>\r\n<script>\r\n     (adsbygoogle = window.adsbygoogle || []).push({});\r\n<\/script><\/div><\/div>","protected":false},"excerpt":{"rendered":"<p>Asesinan alto general ruso en Mosc\u00fa con una bombaUn alto general ruso acusado por Kiev de coordinar el uso de armas qu\u00edmicas contra tropas ucranianas fue asesinado con una bomba en Mosc\u00fa este martes. Ucrania a\u00fan no ha confirmado p\u00fablicamente la responsabilidad. Desde el Departamento de Estado, en Washington, les informa Iacopo Luzi.<\/p>\n","protected":false},"author":1287,"featured_media":69367,"comment_status":"open","ping_status":"open","sticky":false,"template":"","format":"video","meta":{"footnotes":""},"categories":[93],"tags":[],"class_list":["post-69366","post","type-post","status-publish","format-video","has-post-thumbnail","hentry","category-multimedia","post_format-post-format-video"],"_links":{"self":[{"href":"https:\/\/veneportal.com\/noticias\/wp-json\/wp\/v2\/posts\/69366","targetHints":{"allow":["GET"]}}],"collection":[{"href":"https:\/\/veneportal.com\/noticias\/wp-json\/wp\/v2\/posts"}],"about":[{"href":"https:\/\/veneportal.com\/noticias\/wp-json\/wp\/v2\/types\/post"}],"author":[{"embeddable":true,"href":"https:\/\/veneportal.com\/noticias\/wp-json\/wp\/v2\/users\/1287"}],"replies":[{"embeddable":true,"href":"https:\/\/veneportal.com\/noticias\/wp-json\/wp\/v2\/comments?post=69366"}],"version-history":[{"count":0,"href":"https:\/\/veneportal.com\/noticias\/wp-json\/wp\/v2\/posts\/69366\/revisions"}],"wp:featuredmedia":[{"embeddable":true,"href":"https:\/\/veneportal.com\/noticias\/wp-json\/wp\/v2\/media\/69367"}],"wp:attachment":[{"href":"https:\/\/veneportal.com\/noticias\/wp-json\/wp\/v2\/media?parent=69366"}],"wp:term":[{"taxonomy":"category","embeddable":true,"href":"https:\/\/veneportal.com\/noticias\/wp-json\/wp\/v2\/categories?post=69366"},{"taxonomy":"post_tag","embeddable":true,"href":"https:\/\/veneportal.com\/noticias\/wp-json\/wp\/v2\/tags?post=69366"}],"curies":[{"name":"wp","href":"https:\/\/api.w.org\/{rel}","templated":true}]}}