{"id":68619,"date":"2024-11-30T00:00:08","date_gmt":"2024-11-30T05:00:08","guid":{"rendered":"https:\/\/veneportal.com\/noticias\/2024\/11\/30\/alemania-disputa-por-la-orden-de-detencion-contra-netanyahu\/"},"modified":"2024-11-30T00:00:08","modified_gmt":"2024-11-30T05:00:08","slug":"alemania-disputa-por-la-orden-de-detencion-contra-netanyahu","status":"publish","type":"post","link":"https:\/\/veneportal.com\/noticias\/2024\/11\/30\/alemania-disputa-por-la-orden-de-detencion-contra-netanyahu\/","title":{"rendered":"Alemania: disputa por la orden de detenci\u00f3n contra Netanyahu"},"content":{"rendered":"<p>\u00bfCorre el primer ministro israel\u00ed Benjam\u00edn Netanyahu el riesgo de ser detenido si viene a Alemania? Entre los expertos en derecho internacional y los pol\u00edticos alemanes ha estallado una pol\u00e9mica.El pasado jueves, hace una semana, una decisi\u00f3n de la Corte Penal Internacional de La Haya puso en apuros al gobierno alem\u00e1n: el tribunal emiti\u00f3 \u00f3rdenes de detenci\u00f3n contra el primer ministro israel\u00ed, Benjam\u00edn Netanyahu, y su recientemente destituido ministro de Defensa, Joav Gallant. La raz\u00f3n dada: ambos ser\u00edan culpables de cr\u00edmenes contra la humanidad en su acci\u00f3n militar en la Franja de Gaza. Alemania es uno de los 124 Estados signatarios de la Corte Internacional de Justicia desde su fundaci\u00f3n en 2002 y se considera su firme defensor. Pero, como consecuencia del genocidio de jud\u00edos europeos durante la \u00e9poca nazi, tambi\u00e9n es un estrecho aliado de Israel.<\/p>\n<p>Barenboim: &#8220;La vida humana es imposible en Gaza\u201d<\/p>\n<p>En una conferencia de prensa celebrada en Berl\u00edn este viernes, varios expertos describieron la decisi\u00f3n de La Haya como una llamada de atenci\u00f3n para el gobierno alem\u00e1n. \u00c9ste siempre hab\u00eda insistido en que el gobierno israel\u00ed ten\u00eda derecho a defenderse con medios duros tras el ataque terrorista de octubre de 2023.<\/p>\n<p>Christine Binzel, catedr\u00e1tica de Econom\u00eda y Sociedad en Oriente Pr\u00f3ximo de la Universidad de Erlangen-Nuremberg, record\u00f3 que la Corte Penal Internacional hab\u00eda denunciado en repetidas ocasiones las acciones de Israel. Sin embargo, Alemania se hab\u00eda negado a apoyar al tribunal: &#8220;Alemania ha incumplido esta obligaci\u00f3n durante 14 meses. Alemania no s\u00f3lo se qued\u00f3 de brazos cruzados, sino que el gobierno alem\u00e1n sigue apoyando a Israel pol\u00edtica, financiera, militar y legalmente hasta el d\u00eda de hoy. Alemania es el segundo mayor proveedor de armas despu\u00e9s de EEUU\u201d.<\/p>\n<p>Y Michael Barenboim, m\u00fasico y profesor de la Academia Barenboim-Said, a\u00f1adi\u00f3: &#8220;Desde principios de octubre de 2024, Israel ha puesto el norte de Gaza bajo un completo estado de sitio, haciendo imposible la vida humana all\u00ed.\u201d<\/p>\n<p>\u00bfQu\u00e9 pasar\u00eda si Netanyahu visitara Berl\u00edn?<\/p>\n<p>Para el gobierno alem\u00e1n, sin embargo, otra cuesti\u00f3n ha cobrado protagonismo desde la decisi\u00f3n de La Haya: \u00bfqu\u00e9 pasar\u00eda si el jefe de gobierno del Estado amigo de Israel viniera ahora a Berl\u00edn? En efecto, la justicia alemana tendr\u00eda entonces que detener a Netanyahu. Sin embargo, tal visita no est\u00e1 actualmente planeada; Netanyahu apenas ha estado en el extranjero desde que la milicia terrorista Ham\u00e1s atac\u00f3 Israel el 7 de octubre del a\u00f1o pasado, y su \u00faltima visita a Berl\u00edn fue en marzo de 2023.<\/p>\n<p>Portavoz del Gobierno: &#8220;Pensar en una detenci\u00f3n me resulta dif\u00edcil\u201d<\/p>\n<p>Hace una semana, el portavoz del canciller Olaf Scholz, Steffen Hebestreit, dijo que Alemania ten\u00eda que considerar ambas cosas: la solidaridad con Israel como Estado y el apoyo al derecho internacional: &#8220;Por un lado, est\u00e1 la importancia del Tribunal Penal Internacional, que apoyamos firmemente, y por otro, est\u00e1 la responsabilidad hist\u00f3rica. Podr\u00eda estar tentado de decir que me resulta dif\u00edcil imaginarnos realizando detenciones en Alemania sobre esta base\u201d. En ese momento, la ministra alemana de Asuntos Exteriores, Annalena Baerbock (Verdes), tambi\u00e9n habl\u00f3 de la necesidad de que el gobierno examinara detenidamente el caso.<\/p>\n<p>\u00bfReevaluaci\u00f3n legal en Israel?<\/p>\n<p>Sin embargo, Baerbock ahora tambi\u00e9n suena un poco diferente: &#8220;El gobierno alem\u00e1n se atiene a la ley, porque nadie est\u00e1 por encima de la ley\u201d, dijo la pol\u00edtica verde al margen de una reuni\u00f3n de los ministros de Asuntos Exteriores del G7 en Fiuggi, Italia. Y continu\u00f3: &#8220;Se aplica la independencia del poder judicial, que ha llegado a la conclusi\u00f3n en este caso de que hay pruebas suficientes para que tome ahora esta medida.\u201d<\/p>\n<p>Seg\u00fan algunos pol\u00edticos alemanes, una forma de salir de la dif\u00edcil situaci\u00f3n ser\u00eda que el tribunal penal s\u00f3lo entrara en funcionamiento si el Estado en cuesti\u00f3n es incapaz de procesar a sus propios pol\u00edticos por delitos. Por lo tanto, Alemania debe trabajar para garantizar que se lleve a cabo una reevaluaci\u00f3n jur\u00eddica en el propio Israel tras el final de la guerra, que podr\u00eda incluir tambi\u00e9n el papel de Netanyahu, por ejemplo. Michael Roth (SPD), presidente de la Comisi\u00f3n de Asuntos Exteriores del Bundestag, tambi\u00e9n argumenta: &#8220;El Tribunal Penal pierde gran parte de su credibilidad porque no act\u00faa contra criminales de guerra y dictadores como Bashar al-Assad, pero permite que el jefe de gobierno de un pa\u00eds con un poder judicial independiente sea buscado por orden de detenci\u00f3n.\u201d<\/p>\n<p>(gg\/ers)<\/p>\n<div class=\"venep-after-content venep-entity-placement\" id=\"venep-1387555217\"><div id=\"venep-1177128838\"><a href=\"https:\/\/www.silverstarfinancialservices.com\/\" aria-label=\"silverstar financial\"><img src=\"https:\/\/veneportal.com\/noticias\/wp-content\/uploads\/sites\/2\/2022\/06\/silverstar-financial-2.png\" alt=\"silverstar financial\"  srcset=\"https:\/\/veneportal.com\/noticias\/wp-content\/uploads\/sites\/2\/2022\/06\/silverstar-financial-2.png 1748w, https:\/\/veneportal.com\/noticias\/wp-content\/uploads\/sites\/2\/2022\/06\/silverstar-financial-2-300x213.png 300w, https:\/\/veneportal.com\/noticias\/wp-content\/uploads\/sites\/2\/2022\/06\/silverstar-financial-2-1024x726.png 1024w, https:\/\/veneportal.com\/noticias\/wp-content\/uploads\/sites\/2\/2022\/06\/silverstar-financial-2-768x545.png 768w, https:\/\/veneportal.com\/noticias\/wp-content\/uploads\/sites\/2\/2022\/06\/silverstar-financial-2-1536x1090.png 1536w, https:\/\/veneportal.com\/noticias\/wp-content\/uploads\/sites\/2\/2022\/06\/silverstar-financial-2-600x426.png 600w\" sizes=\"(max-width: 1748px) 100vw, 1748px\" width=\"559\" height=\"397\"   \/><\/a><\/div><\/div>","protected":false},"excerpt":{"rendered":"<p>\u00bfCorre el primer ministro israel\u00ed Benjam\u00edn Netanyahu el riesgo de ser detenido si viene a Alemania? Entre los expertos en derecho internacional y los pol\u00edticos alemanes ha estallado una pol\u00e9mica.El&hellip; <\/p>\n","protected":false},"author":505,"featured_media":68620,"comment_status":"open","ping_status":"open","sticky":false,"template":"","format":"standard","meta":{"footnotes":""},"categories":[85],"tags":[],"class_list":["post-68619","post","type-post","status-publish","format-standard","has-post-thumbnail","hentry","category-politica"],"_links":{"self":[{"href":"https:\/\/veneportal.com\/noticias\/wp-json\/wp\/v2\/posts\/68619","targetHints":{"allow":["GET"]}}],"collection":[{"href":"https:\/\/veneportal.com\/noticias\/wp-json\/wp\/v2\/posts"}],"about":[{"href":"https:\/\/veneportal.com\/noticias\/wp-json\/wp\/v2\/types\/post"}],"author":[{"embeddable":true,"href":"https:\/\/veneportal.com\/noticias\/wp-json\/wp\/v2\/users\/505"}],"replies":[{"embeddable":true,"href":"https:\/\/veneportal.com\/noticias\/wp-json\/wp\/v2\/comments?post=68619"}],"version-history":[{"count":0,"href":"https:\/\/veneportal.com\/noticias\/wp-json\/wp\/v2\/posts\/68619\/revisions"}],"wp:featuredmedia":[{"embeddable":true,"href":"https:\/\/veneportal.com\/noticias\/wp-json\/wp\/v2\/media\/68620"}],"wp:attachment":[{"href":"https:\/\/veneportal.com\/noticias\/wp-json\/wp\/v2\/media?parent=68619"}],"wp:term":[{"taxonomy":"category","embeddable":true,"href":"https:\/\/veneportal.com\/noticias\/wp-json\/wp\/v2\/categories?post=68619"},{"taxonomy":"post_tag","embeddable":true,"href":"https:\/\/veneportal.com\/noticias\/wp-json\/wp\/v2\/tags?post=68619"}],"curies":[{"name":"wp","href":"https:\/\/api.w.org\/{rel}","templated":true}]}}