{"id":68570,"date":"2024-11-28T17:02:05","date_gmt":"2024-11-28T22:02:05","guid":{"rendered":"https:\/\/veneportal.com\/noticias\/2024\/11\/28\/como-celebran-los-latinos-el-dia-de-accion-de-gracias-en-eeuu\/"},"modified":"2024-11-28T17:02:05","modified_gmt":"2024-11-28T22:02:05","slug":"como-celebran-los-latinos-el-dia-de-accion-de-gracias-en-eeuu","status":"publish","type":"post","link":"https:\/\/veneportal.com\/noticias\/2024\/11\/28\/como-celebran-los-latinos-el-dia-de-accion-de-gracias-en-eeuu\/","title":{"rendered":"\u00bfC\u00f3mo celebran los latinos el D\u00eda de Acci\u00f3n de Gracias en EEUU?"},"content":{"rendered":"<p>[iframe src=&#8221;https:\/\/www.vozdeamerica.com\/embed\/player\/0\/7880352.html?type=video&#8221; width=&#8221;640&#8243; height=&#8221;360&#8243; frameborder=&#8221;0&#8243; scrolling=&#8221;no&#8221; allowfullscreen=&#8221;allowfullscreen&#8221;]<\/p>\n<p>\u00bfC\u00f3mo la comunidad latina transforma el D\u00eda de Acci\u00f3n de Gracias con su propia identidad cultural. Los latinos enriquecen esta festividad con nuevos sabores y costumbres. Descubre c\u00f3mo esta mezcla de tradiciones fortalece la identidad bicultural y celebra valores compartidos.<\/p>\n<div class=\"venep-after-content venep-entity-placement\" id=\"venep-4286579484\"><div id=\"venep-822111326\"><blockquote>\r\n<h6 style=\"border: 8px dashed green; text-align: center;\"><span style=\"color: #800000;\">Publica tu Press Release, Nota de prensa o Art\u00edculo promocional en<\/span> <span style=\"color: #0000ff;\"><a style=\"color: #0000ff;\" href=\"https:\/\/veneportal.com\/contact\/\">Veneportal.com<\/a><\/span> \u00a1La forma mas econ\u00f3mica y eficiente de promover tu producto, servicio o marca con contenido!<\/h6>\r\n<\/blockquote><\/div><\/div>","protected":false},"excerpt":{"rendered":"<p>\u00bfC\u00f3mo celebran los latinos el D\u00eda de Acci\u00f3n de Gracias en EEUU?\u00bfC\u00f3mo la comunidad latina transforma el D\u00eda de Acci\u00f3n de Gracias con su propia identidad cultural. Los latinos enriquecen esta festividad con nuevos sabores y costumbres. Descubre c\u00f3mo esta mezcla de tradiciones fortalece la identidad bicultural y celebra valores compartidos.<\/p>\n","protected":false},"author":1287,"featured_media":68571,"comment_status":"open","ping_status":"open","sticky":false,"template":"","format":"video","meta":{"footnotes":""},"categories":[93],"tags":[],"class_list":["post-68570","post","type-post","status-publish","format-video","has-post-thumbnail","hentry","category-multimedia","post_format-post-format-video"],"_links":{"self":[{"href":"https:\/\/veneportal.com\/noticias\/wp-json\/wp\/v2\/posts\/68570","targetHints":{"allow":["GET"]}}],"collection":[{"href":"https:\/\/veneportal.com\/noticias\/wp-json\/wp\/v2\/posts"}],"about":[{"href":"https:\/\/veneportal.com\/noticias\/wp-json\/wp\/v2\/types\/post"}],"author":[{"embeddable":true,"href":"https:\/\/veneportal.com\/noticias\/wp-json\/wp\/v2\/users\/1287"}],"replies":[{"embeddable":true,"href":"https:\/\/veneportal.com\/noticias\/wp-json\/wp\/v2\/comments?post=68570"}],"version-history":[{"count":0,"href":"https:\/\/veneportal.com\/noticias\/wp-json\/wp\/v2\/posts\/68570\/revisions"}],"wp:featuredmedia":[{"embeddable":true,"href":"https:\/\/veneportal.com\/noticias\/wp-json\/wp\/v2\/media\/68571"}],"wp:attachment":[{"href":"https:\/\/veneportal.com\/noticias\/wp-json\/wp\/v2\/media?parent=68570"}],"wp:term":[{"taxonomy":"category","embeddable":true,"href":"https:\/\/veneportal.com\/noticias\/wp-json\/wp\/v2\/categories?post=68570"},{"taxonomy":"post_tag","embeddable":true,"href":"https:\/\/veneportal.com\/noticias\/wp-json\/wp\/v2\/tags?post=68570"}],"curies":[{"name":"wp","href":"https:\/\/api.w.org\/{rel}","templated":true}]}}