{"id":68558,"date":"2024-11-28T12:00:08","date_gmt":"2024-11-28T17:00:08","guid":{"rendered":"https:\/\/veneportal.com\/noticias\/2024\/11\/28\/alemania-convoca-al-embajador-ruso-por-las-expulsiones-de-periodistas\/"},"modified":"2024-11-28T12:00:08","modified_gmt":"2024-11-28T17:00:08","slug":"alemania-convoca-al-embajador-ruso-por-las-expulsiones-de-periodistas","status":"publish","type":"post","link":"https:\/\/veneportal.com\/noticias\/2024\/11\/28\/alemania-convoca-al-embajador-ruso-por-las-expulsiones-de-periodistas\/","title":{"rendered":"Alemania convoca al embajador ruso por las expulsiones de periodistas"},"content":{"rendered":"<p>&#8220;La expulsi\u00f3n de los empleados de ARD por parte de Rusia es inaceptable y la justificaci\u00f3n es simplemente falsa y una mentira&#8221;, dijo Annalena Baerbock.El Ministerio de Exteriores alem\u00e1n convoc\u00f3 el jueves (28.11.2024) al embajador ruso en Berl\u00edn, despu\u00e9s de que las autoridades rusas anunciaran ayer la expulsi\u00f3n de dos periodistas alemanes. &#8220;La expulsi\u00f3n de los empleados de ARD por parte de Rusia es inaceptable y la justificaci\u00f3n es simplemente falsa y una mentira. Lo condenamos en los t\u00e9rminos m\u00e1s en\u00e9rgicos. Por eso hemos convocado hoy al embajador ruso&#8221;, inform\u00f3 la ministra de Exteriores alemana, Annalena Baerbock, en una rueda de prensa conjunta con su hom\u00f3logo neozeland\u00e9s, Winston Peters.<\/p>\n<p>El mi\u00e9rcoles, la emisora \u200b\u200bregional WDR, responsable de la cobertura de Rusia para la cadena ARD, confirm\u00f3 que dos empleados de ARD -un corresponsal y un t\u00e9cnico- deb\u00edan devolver su acreditaci\u00f3n y abandonar Rusia antes del 16 de diciembre. La portavoz del Ministerio de Exteriores ruso, Maria Zajarova, dijo que la decisi\u00f3n fue en respuesta a la expulsi\u00f3n de corresponsales de la televisi\u00f3n estatal rusa por parte de las autoridades alemanas, una afirmaci\u00f3n que Berl\u00edn niega.<\/p>\n<p>Baerbock acus\u00f3 a Mosc\u00fa de una &#8220;batalla propagand\u00edstica con afirmaciones falsas&#8221;. &#8220;No es cierto que en Alemania o en Europa tengamos restricciones a la libertad de prensa&#8221;, afirm\u00f3. La cadena de televisi\u00f3n estatal rusa Primer Canal hab\u00eda dicho anteriormente que hab\u00eda recibido la orden de cerrar su oficina en Berl\u00edn, una afirmaci\u00f3n que las autoridades alemanas han negado.<\/p>\n<p>Permisos de residencia denegados<\/p>\n<p>La oficina de inmigraci\u00f3n del estado de Berl\u00edn respondi\u00f3 a preguntas de dpa que efectivamente hab\u00eda denegado la concesi\u00f3n de permisos de residencia a cinco personas de varios medios de comunicaci\u00f3n rusos. En algunos casos, los procedimientos judiciales a\u00fan est\u00e1n pendientes. Una de las razones esgrimidas en uno de los casos caso fue que el medio de comunicaci\u00f3n ruso estaba difundiendo desinformaci\u00f3n y propaganda para desacreditar a Occidente y a la Uni\u00f3n Europea.<\/p>\n<p>Baerbock se\u00f1al\u00f3 que Alemania se rige por el Estado de derecho, lo que significa que la decisi\u00f3n podr\u00eda ser apelada. &#8220;Y \u00e9sa es precisamente la diferencia entre un procedimiento constitucional y una decisi\u00f3n arbitraria&#8221;, afirm\u00f3 al rechazar la reciprocidad de las medidas a las que alude Rusia al haber ordenado la expulsi\u00f3n de los dos periodistas alemanes.<\/p>\n<p>La oficina de inmigraci\u00f3n tambi\u00e9n se refiri\u00f3 a la UE y a un paquete de sanciones que afecta a los medios de comunicaci\u00f3n rusos. El portavoz adjunto de Exteriores, Christian Wagner, record\u00f3 el mi\u00e9rcoles que el Primer Canal es objeto de sanciones por parte de la Uni\u00f3n Europea desde diciembre de 2022, pero que \u00e9stas se ci\u00f1en a la prohibici\u00f3n de emitir en Europa.<\/p>\n<p>Dificultades para trabajar en Rusia<\/p>\n<p>En Mosc\u00fa, Zajarova dijo que los periodistas del canal ruso hab\u00edan sido acosados \u200b\u200ben Alemania durante m\u00e1s de un a\u00f1o, y se\u00f1al\u00f3 que Mosc\u00fa hab\u00eda advertido al Ministerio de Asuntos Exteriores alem\u00e1n hace seis meses de que habr\u00eda consecuencias. El embajador ruso en Alemania, Sergu\u00e9i Nech\u00e1yev, se lo recordar\u00e1 ahora a la oficina de Baerbock, a\u00f1adi\u00f3 Zajarova.<\/p>\n<p>Rusia ha dificultado mucho el trabajo de los periodistas extranjeros desde el inicio de la invasi\u00f3n de Ucrania en febrero de 2022. Los corresponsales extranjeros de pa\u00edses designados por Rusia como &#8220;hostiles&#8221; ahora solo reciben las acreditaciones de prensa requeridas por tres meses, en lugar de un a\u00f1o. Poco antes de la guerra, las autoridades rusas hab\u00edan cerrado la oficina en Mosc\u00fa del canal internacional de la televisi\u00f3n estatal alemana Deutsche Welle. El gobierno ruso justific\u00f3 el cierre como respuesta a una decisi\u00f3n previa de las autoridades alemanas de denegar una licencia de transmisi\u00f3n al canal en alem\u00e1n de la emisora \u200b\u200bestatal rusa RT.<\/p>\n<p>lgc (dpa, efe)<\/p>\n<div class=\"venep-after-content venep-entity-placement\" id=\"venep-3456593352\"><div id=\"venep-367888559\"><a href=\"https:\/\/veneportal.com\/clasificados\/listing\/naiguata-restobar\/\" aria-label=\"naiguata retobar\"><img src=\"https:\/\/veneportal.com\/noticias\/wp-content\/uploads\/sites\/2\/2021\/07\/1.png\" alt=\"naiguata retobar\"  width=\"300\" height=\"250\"   \/><\/a><\/div><\/div>","protected":false},"excerpt":{"rendered":"<p>&#8220;La expulsi\u00f3n de los empleados de ARD por parte de Rusia es inaceptable y la justificaci\u00f3n es simplemente falsa y una mentira&#8221;, dijo Annalena Baerbock.El Ministerio de Exteriores alem\u00e1n convoc\u00f3&hellip; <\/p>\n","protected":false},"author":505,"featured_media":68559,"comment_status":"open","ping_status":"open","sticky":false,"template":"","format":"standard","meta":{"footnotes":""},"categories":[85],"tags":[],"class_list":["post-68558","post","type-post","status-publish","format-standard","has-post-thumbnail","hentry","category-politica"],"_links":{"self":[{"href":"https:\/\/veneportal.com\/noticias\/wp-json\/wp\/v2\/posts\/68558","targetHints":{"allow":["GET"]}}],"collection":[{"href":"https:\/\/veneportal.com\/noticias\/wp-json\/wp\/v2\/posts"}],"about":[{"href":"https:\/\/veneportal.com\/noticias\/wp-json\/wp\/v2\/types\/post"}],"author":[{"embeddable":true,"href":"https:\/\/veneportal.com\/noticias\/wp-json\/wp\/v2\/users\/505"}],"replies":[{"embeddable":true,"href":"https:\/\/veneportal.com\/noticias\/wp-json\/wp\/v2\/comments?post=68558"}],"version-history":[{"count":0,"href":"https:\/\/veneportal.com\/noticias\/wp-json\/wp\/v2\/posts\/68558\/revisions"}],"wp:featuredmedia":[{"embeddable":true,"href":"https:\/\/veneportal.com\/noticias\/wp-json\/wp\/v2\/media\/68559"}],"wp:attachment":[{"href":"https:\/\/veneportal.com\/noticias\/wp-json\/wp\/v2\/media?parent=68558"}],"wp:term":[{"taxonomy":"category","embeddable":true,"href":"https:\/\/veneportal.com\/noticias\/wp-json\/wp\/v2\/categories?post=68558"},{"taxonomy":"post_tag","embeddable":true,"href":"https:\/\/veneportal.com\/noticias\/wp-json\/wp\/v2\/tags?post=68558"}],"curies":[{"name":"wp","href":"https:\/\/api.w.org\/{rel}","templated":true}]}}