{"id":68523,"date":"2024-11-27T17:00:06","date_gmt":"2024-11-27T22:00:06","guid":{"rendered":"https:\/\/veneportal.com\/noticias\/2024\/11\/27\/controversia-en-el-salvador-por-ajuste-presupuestario-para-2025\/"},"modified":"2024-11-27T17:00:06","modified_gmt":"2024-11-27T22:00:06","slug":"controversia-en-el-salvador-por-ajuste-presupuestario-para-2025","status":"publish","type":"post","link":"https:\/\/veneportal.com\/noticias\/2024\/11\/27\/controversia-en-el-salvador-por-ajuste-presupuestario-para-2025\/","title":{"rendered":"Controversia en El Salvador por ajuste presupuestario para 2025"},"content":{"rendered":"<p>[iframe src=&#8221;https:\/\/www.vozdeamerica.com\/embed\/player\/0\/7879291.html?type=video&#8221; width=&#8221;640&#8243; height=&#8221;360&#8243; frameborder=&#8221;0&#8243; scrolling=&#8221;no&#8221; allowfullscreen=&#8221;allowfullscreen&#8221;]<\/p>\n<p>En El Salvador, hay controversia por el proyecto presupuestario del gobierno de Nayib Bukele, que para 2025 refleja una reducci\u00f3n presupuestaria en algunas carteras de Estado que implicar\u00eda posibles despidos de empleados p\u00fablicos. Claudia Zalda\u00f1a nos ampl\u00eda.<\/p>\n<div class=\"venep-after-content venep-entity-placement\" id=\"venep-2859571702\"><div id=\"venep-2630944701\"><script async src=\"https:\/\/pagead2.googlesyndication.com\/pagead\/js\/adsbygoogle.js?client=ca-pub-5862940809620110\"\r\n     crossorigin=\"anonymous\"><\/script>\r\n<ins class=\"adsbygoogle\"\r\n     style=\"display:block\"\r\n     data-ad-format=\"fluid\"\r\n     data-ad-layout-key=\"-6t+ed+2i-1n-4w\"\r\n     data-ad-client=\"ca-pub-5862940809620110\"\r\n     data-ad-slot=\"7946604715\"><\/ins>\r\n<script>\r\n     (adsbygoogle = window.adsbygoogle || []).push({});\r\n<\/script><\/div><\/div>","protected":false},"excerpt":{"rendered":"<p>Controversia en El Salvador por ajuste presupuestario para 2025En El Salvador, hay controversia por el proyecto presupuestario del gobierno de Nayib Bukele, que para 2025 refleja una reducci\u00f3n presupuestaria en algunas carteras de Estado que implicar\u00eda posibles despidos de empleados p\u00fablicos. Claudia Zalda\u00f1a nos ampl\u00eda.<\/p>\n","protected":false},"author":1287,"featured_media":68524,"comment_status":"open","ping_status":"open","sticky":false,"template":"","format":"video","meta":{"footnotes":""},"categories":[93],"tags":[],"class_list":["post-68523","post","type-post","status-publish","format-video","has-post-thumbnail","hentry","category-multimedia","post_format-post-format-video"],"_links":{"self":[{"href":"https:\/\/veneportal.com\/noticias\/wp-json\/wp\/v2\/posts\/68523","targetHints":{"allow":["GET"]}}],"collection":[{"href":"https:\/\/veneportal.com\/noticias\/wp-json\/wp\/v2\/posts"}],"about":[{"href":"https:\/\/veneportal.com\/noticias\/wp-json\/wp\/v2\/types\/post"}],"author":[{"embeddable":true,"href":"https:\/\/veneportal.com\/noticias\/wp-json\/wp\/v2\/users\/1287"}],"replies":[{"embeddable":true,"href":"https:\/\/veneportal.com\/noticias\/wp-json\/wp\/v2\/comments?post=68523"}],"version-history":[{"count":0,"href":"https:\/\/veneportal.com\/noticias\/wp-json\/wp\/v2\/posts\/68523\/revisions"}],"wp:featuredmedia":[{"embeddable":true,"href":"https:\/\/veneportal.com\/noticias\/wp-json\/wp\/v2\/media\/68524"}],"wp:attachment":[{"href":"https:\/\/veneportal.com\/noticias\/wp-json\/wp\/v2\/media?parent=68523"}],"wp:term":[{"taxonomy":"category","embeddable":true,"href":"https:\/\/veneportal.com\/noticias\/wp-json\/wp\/v2\/categories?post=68523"},{"taxonomy":"post_tag","embeddable":true,"href":"https:\/\/veneportal.com\/noticias\/wp-json\/wp\/v2\/tags?post=68523"}],"curies":[{"name":"wp","href":"https:\/\/api.w.org\/{rel}","templated":true}]}}