{"id":68482,"date":"2024-11-27T00:02:06","date_gmt":"2024-11-27T05:02:06","guid":{"rendered":"https:\/\/veneportal.com\/noticias\/2024\/11\/27\/gabinete-de-seguridad-de-israel-aprueba-acuerdo-de-tregua-en-libano\/"},"modified":"2024-11-27T00:02:06","modified_gmt":"2024-11-27T05:02:06","slug":"gabinete-de-seguridad-de-israel-aprueba-acuerdo-de-tregua-en-libano","status":"publish","type":"post","link":"https:\/\/veneportal.com\/noticias\/2024\/11\/27\/gabinete-de-seguridad-de-israel-aprueba-acuerdo-de-tregua-en-libano\/","title":{"rendered":"Gabinete de seguridad de Israel aprueba acuerdo de tregua en L\u00edbano"},"content":{"rendered":"<p>El acuerdo entrar\u00e1 en vigor el mi\u00e9rcoles a las 04:00 a.m., hora local, dijo Estados Unidos, que sirvi\u00f3 de mediador junto con Francia.El gabinete de seguridad israel\u00ed aprob\u00f3 este martes (26.11.2024) un acuerdo de alto al fuego en L\u00edbano, tras m\u00e1s de dos meses de enfrentamientos abiertos con el movimiento islamista proiran\u00ed Hezbol\u00e1, anunci\u00f3 la oficina del primer ministro Benjamin Netanyahu.<\/p>\n<p>Acuerdo mediado por Estados Unidos y Francia<\/p>\n<p>Netanyahu habl\u00f3 por tel\u00e9fono con el presidente estadounidense Joe Biden y le agradeci\u00f3 &#8220;su implicaci\u00f3n&#8221; para alcanzar el pacto, agreg\u00f3 la oficina del primer ministro.<\/p>\n<p>Biden recibi\u00f3 como una &#8220;buena noticia&#8221; el alto al fuego, mediado por Estados Unidos y Francia. El acuerdo entrar\u00e1 en vigor el mi\u00e9rcoles a las 04:00 a.m., hora local, dijo el mandatario estadounidense en la Casa Blanca.<\/p>\n<p>&#8220;Tengo buenas noticias sobre Medio Oriente&#8221;, afirm\u00f3 Biden, que entregar\u00e1 la presidencia de Estados Unidos a Donald Trump a finales de enero. &#8220;Acabo de hablar con los primeros ministros de Israel y L\u00edbano y me complace anunciar que sus gobiernos han aceptado la propuesta de Estados Unidos para poner fin al devastador conflicto entre Israel y Hezbol\u00e1&#8221;, agreg\u00f3.<\/p>\n<p>Biden agradeci\u00f3 al presidente franc\u00e9s Emmanuel Macron por su &#8220;colaboraci\u00f3n para llegar a este momento&#8221;.<\/p>\n<p>Ej\u00e9rcito liban\u00e9s tomar\u00eda control de su lado de la frontera<\/p>\n<p>El presidente estadounidense precis\u00f3 que el acuerdo fue dise\u00f1ado para ser un &#8220;cese permanente de hostilidades&#8221; entre Israel y Hezbol\u00e1, armado y respaldado por Ir\u00e1n, despu\u00e9s de m\u00e1s de un a\u00f1o de hostilidades a trav\u00e9s de la frontera y dos meses de guerra total en L\u00edbano.<\/p>\n<p>Seg\u00fan las negociaciones, el ej\u00e9rcito liban\u00e9s tomar\u00eda el control de su lado de la frontera y &#8220;lo que quede de Hezbol\u00e1 y otras organizaciones terroristas no podr\u00e1n (&#8230;) volver a amenazar la seguridad de Israel&#8221;, detall\u00f3 Biden.<\/p>\n<p>Estados Unidos y Francia prometen velar por cumplimiento del acuerdo<\/p>\n<p>Washington y Par\u00eds velar\u00e1n por el cumplimiento del alto al fuego en L\u00edbano entre Israel y Hezbol\u00e1, afirmaron Biden y Macron.<\/p>\n<p>&#8220;Estados Unidos y Francia trabajar\u00e1n junto a Israel y L\u00edbano para garantizar el cumplimiento \u00edntegro de este acuerdo&#8221;, subrayaron los dos jefes de Estado en un comunicado conjunto. Washington y Par\u00eds &#8220;siguen decididos a garantizar que este conflicto no provoque un nuevo ciclo de violencia&#8221;, agregaron.<\/p>\n<p>Gobierno de L\u00edbano celebra el acuerdo<\/p>\n<p>Por su parte, el primer ministro liban\u00e9s Nayib Mikati sostuvo este martes que el acuerdo supone un &#8220;paso fundamental&#8221; para la estabilidad regional.<\/p>\n<p>Asimismo, agradeci\u00f3 a Estados Unidos y Francia por su implicaci\u00f3n en la tregua e indic\u00f3 que su gobierno se compromete a &#8220;reforzar la presencia del ej\u00e9rcito en el sur del pa\u00eds&#8221;, un basti\u00f3n del movimiento islamista liban\u00e9s.<\/p>\n<p>ONU advierte que el acuerdo supondr\u00e1 &#8220;un trabajo considerable&#8221;<\/p>\n<p>El pacto exigir\u00e1 un gran esfuerzo para garantizar su persistencia, estim\u00f3 la representante de la ONU para L\u00edbano, Jeanine Hennis-Plasschaert.<\/p>\n<p>&#8220;Este acuerdo crucial marca el punto de partida de un proceso cr\u00edtico&#8221; para asegurar la seguridad de los civiles a ambos lados de la frontera entre L\u00edbano e Israel, declar\u00f3 en un comunicado. &#8220;Queda por delante un trabajo considerable para garantizar que el acuerdo perdure&#8221;, asever\u00f3.<\/p>\n<p>rr (afp\/reuters\/ap\/efe)<\/p>\n<p>Ultima actualizaci\u00f3n a las 23:17, hora de Alemania.<\/p>\n<div class=\"venep-after-content venep-entity-placement\" id=\"venep-2053029818\"><div id=\"venep-2185330504\"><a href=\"https:\/\/veneportal.com\/clasificados\/listing\/nativoapparel\/\" aria-label=\"nativo apparel\"><img src=\"https:\/\/veneportal.com\/noticias\/wp-content\/uploads\/sites\/2\/2021\/07\/5.png\" alt=\"nativo apparel\"  width=\"300\" height=\"250\"   \/><\/a><\/div><\/div>","protected":false},"excerpt":{"rendered":"<p>El acuerdo entrar\u00e1 en vigor el mi\u00e9rcoles a las 04:00 a.m., hora local, dijo Estados Unidos, que sirvi\u00f3 de mediador junto con Francia.El gabinete de seguridad israel\u00ed aprob\u00f3 este martes&hellip; <\/p>\n","protected":false},"author":505,"featured_media":68483,"comment_status":"open","ping_status":"open","sticky":false,"template":"","format":"standard","meta":{"footnotes":""},"categories":[85],"tags":[],"class_list":["post-68482","post","type-post","status-publish","format-standard","has-post-thumbnail","hentry","category-politica"],"_links":{"self":[{"href":"https:\/\/veneportal.com\/noticias\/wp-json\/wp\/v2\/posts\/68482","targetHints":{"allow":["GET"]}}],"collection":[{"href":"https:\/\/veneportal.com\/noticias\/wp-json\/wp\/v2\/posts"}],"about":[{"href":"https:\/\/veneportal.com\/noticias\/wp-json\/wp\/v2\/types\/post"}],"author":[{"embeddable":true,"href":"https:\/\/veneportal.com\/noticias\/wp-json\/wp\/v2\/users\/505"}],"replies":[{"embeddable":true,"href":"https:\/\/veneportal.com\/noticias\/wp-json\/wp\/v2\/comments?post=68482"}],"version-history":[{"count":0,"href":"https:\/\/veneportal.com\/noticias\/wp-json\/wp\/v2\/posts\/68482\/revisions"}],"wp:featuredmedia":[{"embeddable":true,"href":"https:\/\/veneportal.com\/noticias\/wp-json\/wp\/v2\/media\/68483"}],"wp:attachment":[{"href":"https:\/\/veneportal.com\/noticias\/wp-json\/wp\/v2\/media?parent=68482"}],"wp:term":[{"taxonomy":"category","embeddable":true,"href":"https:\/\/veneportal.com\/noticias\/wp-json\/wp\/v2\/categories?post=68482"},{"taxonomy":"post_tag","embeddable":true,"href":"https:\/\/veneportal.com\/noticias\/wp-json\/wp\/v2\/tags?post=68482"}],"curies":[{"name":"wp","href":"https:\/\/api.w.org\/{rel}","templated":true}]}}