{"id":67509,"date":"2024-11-03T12:02:08","date_gmt":"2024-11-03T17:02:08","guid":{"rendered":"https:\/\/veneportal.com\/noticias\/2024\/11\/03\/papa-francisco-pide-rezar-por-los-espanoles-afectados-por-las-inundaciones\/"},"modified":"2024-11-03T12:02:08","modified_gmt":"2024-11-03T17:02:08","slug":"papa-francisco-pide-rezar-por-los-espanoles-afectados-por-las-inundaciones","status":"publish","type":"post","link":"https:\/\/veneportal.com\/noticias\/2024\/11\/03\/papa-francisco-pide-rezar-por-los-espanoles-afectados-por-las-inundaciones\/","title":{"rendered":"Papa Francisco pide rezar por los espa\u00f1oles afectados por las inundaciones"},"content":{"rendered":"<p>&#8220;Sigamos rezando por Valencia y las dem\u00e1s personas de Espa\u00f1a&#8221;, declar\u00f3 el l\u00edder del Vaticano tras el rezo del \u00c1ngelus. &#8220;\u00bfQu\u00e9 hago yo por el pueblo de Valencia?&#8221;, pregunt\u00f3.El papa Francisco volvi\u00f3 a recordar este domingo (03.11.2024) a la poblaci\u00f3n de Espa\u00f1a afectada por las inundaciones que hasta el momento dejan al menos 217 muertos, pidiendo que se siga rezando por aquellos &#8220;que tanto est\u00e1n sufriendo&#8221;.<\/p>\n<p>&#8220;Sigamos rezando por Valencia y las dem\u00e1s personas de Espa\u00f1a&#8221;, declar\u00f3 el pont\u00edfice argentino tras el rezo del \u00c1ngelus, en referencia a la principal regi\u00f3n afectada, en el este del pa\u00eds.<\/p>\n<p>&#8220;\u00bfQu\u00e9 hago yo por el pueblo de Valencia? \u00bfRezar? \u00bfOfrecer algo? Piensen en esta pregunta&#8221;, agreg\u00f3.<\/p>\n<p>La regi\u00f3n de Valencia sufri\u00f3 el martes en la noche y la madrugada del mi\u00e9rcoles unas inundaciones dantescas que provocaron la muerte de 213 personas. Otras cuatro personas murieron en regiones vecinas.<\/p>\n<p>rr (afp\/vatican news)<\/p>\n<div class=\"venep-after-content venep-entity-placement\" id=\"venep-1471799148\"><div id=\"venep-2558864052\"><script async src=\"https:\/\/pagead2.googlesyndication.com\/pagead\/js\/adsbygoogle.js?client=ca-pub-5862940809620110\"\r\n     crossorigin=\"anonymous\"><\/script>\r\n<ins class=\"adsbygoogle\"\r\n     style=\"display:block\"\r\n     data-ad-format=\"fluid\"\r\n     data-ad-layout-key=\"-6t+ed+2i-1n-4w\"\r\n     data-ad-client=\"ca-pub-5862940809620110\"\r\n     data-ad-slot=\"7946604715\"><\/ins>\r\n<script>\r\n     (adsbygoogle = window.adsbygoogle || []).push({});\r\n<\/script><\/div><\/div>","protected":false},"excerpt":{"rendered":"<p>&#8220;Sigamos rezando por Valencia y las dem\u00e1s personas de Espa\u00f1a&#8221;, declar\u00f3 el l\u00edder del Vaticano tras el rezo del \u00c1ngelus. &#8220;\u00bfQu\u00e9 hago yo por el pueblo de Valencia?&#8221;, pregunt\u00f3.El papa&hellip; <\/p>\n","protected":false},"author":505,"featured_media":67510,"comment_status":"open","ping_status":"open","sticky":false,"template":"","format":"standard","meta":{"footnotes":""},"categories":[85],"tags":[],"class_list":["post-67509","post","type-post","status-publish","format-standard","has-post-thumbnail","hentry","category-politica"],"_links":{"self":[{"href":"https:\/\/veneportal.com\/noticias\/wp-json\/wp\/v2\/posts\/67509","targetHints":{"allow":["GET"]}}],"collection":[{"href":"https:\/\/veneportal.com\/noticias\/wp-json\/wp\/v2\/posts"}],"about":[{"href":"https:\/\/veneportal.com\/noticias\/wp-json\/wp\/v2\/types\/post"}],"author":[{"embeddable":true,"href":"https:\/\/veneportal.com\/noticias\/wp-json\/wp\/v2\/users\/505"}],"replies":[{"embeddable":true,"href":"https:\/\/veneportal.com\/noticias\/wp-json\/wp\/v2\/comments?post=67509"}],"version-history":[{"count":0,"href":"https:\/\/veneportal.com\/noticias\/wp-json\/wp\/v2\/posts\/67509\/revisions"}],"wp:featuredmedia":[{"embeddable":true,"href":"https:\/\/veneportal.com\/noticias\/wp-json\/wp\/v2\/media\/67510"}],"wp:attachment":[{"href":"https:\/\/veneportal.com\/noticias\/wp-json\/wp\/v2\/media?parent=67509"}],"wp:term":[{"taxonomy":"category","embeddable":true,"href":"https:\/\/veneportal.com\/noticias\/wp-json\/wp\/v2\/categories?post=67509"},{"taxonomy":"post_tag","embeddable":true,"href":"https:\/\/veneportal.com\/noticias\/wp-json\/wp\/v2\/tags?post=67509"}],"curies":[{"name":"wp","href":"https:\/\/api.w.org\/{rel}","templated":true}]}}