{"id":67383,"date":"2024-10-31T12:00:08","date_gmt":"2024-10-31T16:00:08","guid":{"rendered":"https:\/\/veneportal.com\/noticias\/2024\/10\/31\/alemania-cierra-tres-consulados-generales-de-iran\/"},"modified":"2024-10-31T12:00:08","modified_gmt":"2024-10-31T16:00:08","slug":"alemania-cierra-tres-consulados-generales-de-iran","status":"publish","type":"post","link":"https:\/\/veneportal.com\/noticias\/2024\/10\/31\/alemania-cierra-tres-consulados-generales-de-iran\/","title":{"rendered":"Alemania cierra tres consulados generales de Ir\u00e1n"},"content":{"rendered":"<p>En reacci\u00f3n a la ejecuci\u00f3n del germano-iran\u00ed Jamshid Sharmahd, Alemania cierra consulados generales iran\u00edes en Fr\u00e1ncfort, Hamburgo y M\u00fanich.El Ministerio Federal de Asuntos Exteriores habl\u00f3 el jueves de una &#8220;medida muy dr\u00e1stica\u201d, al anunciar el cierre de tres consulados generales de Ir\u00e1n en Alemania. La embajada iran\u00ed, ubicada en Berl\u00edn, permanecer\u00e1 abierta.<\/p>\n<p>El cierre de los consulados en Fr\u00e1ncfort, Hamburgo y M\u00fanich se decidi\u00f3 como reacci\u00f3n a la ejecuci\u00f3n de un ciudadano germano iran\u00ed, Jamshid Sharmahd, quien fue ejecutado en Ir\u00e1n.<\/p>\n<p>Sharmahd fue secuestrado en Ir\u00e1n por el servicio secreto iran\u00ed y condenado all\u00ed a muerte por preparar presuntamente un atentado terrorista. Los observadores occidentales calificaron el juicio de farsa.<\/p>\n<p>La ejecuci\u00f3n, que se conoci\u00f3 el lunes, hab\u00eda desencadenado duras protestas en Alemania y la UE. Entre otras medidas, el embajador alem\u00e1n present\u00f3 una nota de protesta en Teher\u00e1n y dej\u00f3 ir\u00e1n el mi\u00e9rcoles.<\/p>\n<p>(ers \/ dpa, reuters)<\/p>\n<div class=\"venep-after-content venep-entity-placement\" id=\"venep-2369466561\"><div id=\"venep-3789071161\"><script async src=\"https:\/\/pagead2.googlesyndication.com\/pagead\/js\/adsbygoogle.js?client=ca-pub-5862940809620110\"\r\n     crossorigin=\"anonymous\"><\/script>\r\n<ins class=\"adsbygoogle\"\r\n     style=\"display:block\"\r\n     data-ad-format=\"fluid\"\r\n     data-ad-layout-key=\"-6t+ed+2i-1n-4w\"\r\n     data-ad-client=\"ca-pub-5862940809620110\"\r\n     data-ad-slot=\"7946604715\"><\/ins>\r\n<script>\r\n     (adsbygoogle = window.adsbygoogle || []).push({});\r\n<\/script><\/div><\/div>","protected":false},"excerpt":{"rendered":"<p>En reacci\u00f3n a la ejecuci\u00f3n del germano-iran\u00ed Jamshid Sharmahd, Alemania cierra consulados generales iran\u00edes en Fr\u00e1ncfort, Hamburgo y M\u00fanich.El Ministerio Federal de Asuntos Exteriores habl\u00f3 el jueves de una &#8220;medida&hellip; <\/p>\n","protected":false},"author":505,"featured_media":67384,"comment_status":"open","ping_status":"open","sticky":false,"template":"","format":"standard","meta":{"footnotes":""},"categories":[85],"tags":[],"class_list":["post-67383","post","type-post","status-publish","format-standard","has-post-thumbnail","hentry","category-politica"],"_links":{"self":[{"href":"https:\/\/veneportal.com\/noticias\/wp-json\/wp\/v2\/posts\/67383","targetHints":{"allow":["GET"]}}],"collection":[{"href":"https:\/\/veneportal.com\/noticias\/wp-json\/wp\/v2\/posts"}],"about":[{"href":"https:\/\/veneportal.com\/noticias\/wp-json\/wp\/v2\/types\/post"}],"author":[{"embeddable":true,"href":"https:\/\/veneportal.com\/noticias\/wp-json\/wp\/v2\/users\/505"}],"replies":[{"embeddable":true,"href":"https:\/\/veneportal.com\/noticias\/wp-json\/wp\/v2\/comments?post=67383"}],"version-history":[{"count":0,"href":"https:\/\/veneportal.com\/noticias\/wp-json\/wp\/v2\/posts\/67383\/revisions"}],"wp:featuredmedia":[{"embeddable":true,"href":"https:\/\/veneportal.com\/noticias\/wp-json\/wp\/v2\/media\/67384"}],"wp:attachment":[{"href":"https:\/\/veneportal.com\/noticias\/wp-json\/wp\/v2\/media?parent=67383"}],"wp:term":[{"taxonomy":"category","embeddable":true,"href":"https:\/\/veneportal.com\/noticias\/wp-json\/wp\/v2\/categories?post=67383"},{"taxonomy":"post_tag","embeddable":true,"href":"https:\/\/veneportal.com\/noticias\/wp-json\/wp\/v2\/tags?post=67383"}],"curies":[{"name":"wp","href":"https:\/\/api.w.org\/{rel}","templated":true}]}}