{"id":67296,"date":"2024-10-29T12:02:07","date_gmt":"2024-10-29T16:02:07","guid":{"rendered":"https:\/\/veneportal.com\/noticias\/2024\/10\/29\/bezos-su-diario-dejo-de-apoyar-candidatos-por-principios\/"},"modified":"2024-10-29T12:02:07","modified_gmt":"2024-10-29T16:02:07","slug":"bezos-su-diario-dejo-de-apoyar-candidatos-por-principios","status":"publish","type":"post","link":"https:\/\/veneportal.com\/noticias\/2024\/10\/29\/bezos-su-diario-dejo-de-apoyar-candidatos-por-principios\/","title":{"rendered":"Bezos: su diario dej\u00f3 de apoyar candidatos por &#8220;principios&#8221;"},"content":{"rendered":"<p>El peri\u00f3dico \u2018The Washington Post\u2019, de Jeff Bezos, inform\u00f3 que romper\u00eda con su tradici\u00f3n de apoyar a una de las figuras en la carrera por la Presidencia de Estados Unidos, lo que caus\u00f3 pol\u00e9mica.El multimillonario Jeff Bezos, due\u00f1o del diario The Washington Post, defendi\u00f3 este lunes (28.10.2024) la pol\u00e9mica decisi\u00f3n del peri\u00f3dico de no respaldar a alguna de las dos candidaturas a la Presidencia de Estados Unidos.<\/p>\n<p>D\u00edas antes, el Post inform\u00f3 que romper\u00eda con su tradici\u00f3n de emitir un editorial en apoyo a una de las figuras en la carrera por la Presidencia, provocando un terremoto interno dentro del rotativo, incluyendo la dimisi\u00f3n de varios trabajadores y la p\u00e9rdida de m\u00e1s de 200.000 suscriptores, seg\u00fan el medio NPR.<\/p>\n<p>En una columna de opini\u00f3n, Bezos asegur\u00f3 que la mayor\u00eda de personas estadounidenses &#8220;cree que los medios est\u00e1n parcializados&#8221; y sentenci\u00f3 que la decisi\u00f3n de no respaldar la candidatura pol\u00edtica de la vicepresidenta Kamala Harris o el expresidente Donald Trump (2017 -20121) &#8220;es la correcta&#8221;.<\/p>\n<p>&#8220;Los respaldos a una candidatura no hacen nada para inclinar la balanza en una elecci\u00f3n&#8221; sino que &#8220;crean una percepci\u00f3n de parcialidad&#8221;, indic\u00f3 Bezos, uno de los hombres m\u00e1s ricos del mundo y due\u00f1o adem\u00e1s de la empresa de comercio en l\u00ednea Amazon.<\/p>\n<p>En el escrito, Bezos reconoci\u00f3 que el director encargado de Blue Origin -compa\u00f1\u00eda aeroespacial de la que tambi\u00e9n es propietario- se reuni\u00f3 con Trump el mismo d\u00eda en que se conoci\u00f3 que el diario no apoyar\u00eda ninguna candidatura. Fue &#8220;una decisi\u00f3n tomada sin ning\u00fan tipo de retribuci\u00f3n&#8221;, argument\u00f3 Bezos, quien a\u00f1adi\u00f3 que no ten\u00eda conocimiento del encuentro y que no tiene relaci\u00f3n con la del cambio en la tradici\u00f3n electoral del Post.<\/p>\n<p>Seg\u00fan revelaron dos periodistas en un art\u00edculo publicado en el mismo diario, el consejo editorial del Post hab\u00eda decidido apoyar la candidatura de Harris, pero Bezos orden\u00f3 frenar su publicaci\u00f3n. El diario, que ha tenido una l\u00ednea editorial muy dura contra Trump, apoy\u00f3 a Hillary Clinton en 2016 y a Joe Biden en 2020, ambos enfrentados al expresidente republicano.<\/p>\n<p>William Lewis, en el cargo desde enero de 2024, neg\u00f3 que Bezos, fundador de Amazon y propietario del Post desde 2013, tuviera algo que ver con la nueva postura del diario. Seg\u00fan justific\u00f3, el objetivo del peri\u00f3dico es dar una mayor imagen de independencia y volver a sus or\u00edgenes, cuando el Post no respaldaba a candidatos.<\/p>\n<p>Durante el mandato de Trump, Amazon perdi\u00f3 un contrato multimillonario con el Pent\u00e1gono y demand\u00f3 a Trump por haber usado &#8220;presi\u00f3n indebida&#8221; para da\u00f1ar a Bezos. Los cr\u00edticos con la decisi\u00f3n del diario creen que el multimillonario quiere prevenir enfrentamientos con un posible segundo mandato del republicano.<\/p>\n<p>Una pol\u00e9mica similar ha azotado al diario Los \u00c1ngeles Times, donde la jefa del Consejo Editorial, Mariel Garza, renunci\u00f3 a su cargo en protesta porque el due\u00f1o del rotativo, Patrick Soon-Shiong, bloque\u00f3 el apoyo del diario a Harris.<\/p>\n<p>ama (efe, afp, reuters, ap)<\/p>\n<div class=\"venep-after-content venep-entity-placement\" id=\"venep-4272363009\"><div id=\"venep-2182572354\"><script async src=\"https:\/\/pagead2.googlesyndication.com\/pagead\/js\/adsbygoogle.js?client=ca-pub-5862940809620110\"\r\n     crossorigin=\"anonymous\"><\/script>\r\n<ins class=\"adsbygoogle\"\r\n     style=\"display:block\"\r\n     data-ad-format=\"fluid\"\r\n     data-ad-layout-key=\"-6t+ed+2i-1n-4w\"\r\n     data-ad-client=\"ca-pub-5862940809620110\"\r\n     data-ad-slot=\"7946604715\"><\/ins>\r\n<script>\r\n     (adsbygoogle = window.adsbygoogle || []).push({});\r\n<\/script><\/div><\/div>","protected":false},"excerpt":{"rendered":"<p>El peri\u00f3dico \u2018The Washington Post\u2019, de Jeff Bezos, inform\u00f3 que romper\u00eda con su tradici\u00f3n de apoyar a una de las figuras en la carrera por la Presidencia de Estados Unidos,&hellip; <\/p>\n","protected":false},"author":505,"featured_media":67297,"comment_status":"open","ping_status":"open","sticky":false,"template":"","format":"standard","meta":{"footnotes":""},"categories":[85],"tags":[],"class_list":["post-67296","post","type-post","status-publish","format-standard","has-post-thumbnail","hentry","category-politica"],"_links":{"self":[{"href":"https:\/\/veneportal.com\/noticias\/wp-json\/wp\/v2\/posts\/67296","targetHints":{"allow":["GET"]}}],"collection":[{"href":"https:\/\/veneportal.com\/noticias\/wp-json\/wp\/v2\/posts"}],"about":[{"href":"https:\/\/veneportal.com\/noticias\/wp-json\/wp\/v2\/types\/post"}],"author":[{"embeddable":true,"href":"https:\/\/veneportal.com\/noticias\/wp-json\/wp\/v2\/users\/505"}],"replies":[{"embeddable":true,"href":"https:\/\/veneportal.com\/noticias\/wp-json\/wp\/v2\/comments?post=67296"}],"version-history":[{"count":0,"href":"https:\/\/veneportal.com\/noticias\/wp-json\/wp\/v2\/posts\/67296\/revisions"}],"wp:featuredmedia":[{"embeddable":true,"href":"https:\/\/veneportal.com\/noticias\/wp-json\/wp\/v2\/media\/67297"}],"wp:attachment":[{"href":"https:\/\/veneportal.com\/noticias\/wp-json\/wp\/v2\/media?parent=67296"}],"wp:term":[{"taxonomy":"category","embeddable":true,"href":"https:\/\/veneportal.com\/noticias\/wp-json\/wp\/v2\/categories?post=67296"},{"taxonomy":"post_tag","embeddable":true,"href":"https:\/\/veneportal.com\/noticias\/wp-json\/wp\/v2\/tags?post=67296"}],"curies":[{"name":"wp","href":"https:\/\/api.w.org\/{rel}","templated":true}]}}