{"id":67288,"date":"2024-10-29T12:02:07","date_gmt":"2024-10-29T16:02:07","guid":{"rendered":"https:\/\/veneportal.com\/noticias\/2024\/10\/29\/primer-informe-del-vaticano-sobre-la-proteccion-de-menores-de-agresiones-sexuales\/"},"modified":"2024-10-29T12:02:07","modified_gmt":"2024-10-29T16:02:07","slug":"primer-informe-del-vaticano-sobre-la-proteccion-de-menores-de-agresiones-sexuales","status":"publish","type":"post","link":"https:\/\/veneportal.com\/noticias\/2024\/10\/29\/primer-informe-del-vaticano-sobre-la-proteccion-de-menores-de-agresiones-sexuales\/","title":{"rendered":"Primer informe del Vaticano sobre la protecci\u00f3n de menores de agresiones sexuales"},"content":{"rendered":"<p>El primer informe de la Pontificia Comisi\u00f3n para la Protecci\u00f3n de los Menores pide acelerar la destituci\u00f3n de sacerdotes acusados de delitos de pedofilia.El Vaticano dio a conocer este martes el primer Informe Anual &#8220;sobre las pol\u00edticas y procedimientos de tutela en la Iglesia&#8221; realizado por la Pontificia Comisi\u00f3n para la Protecci\u00f3n de los Menores, creada en 2014 por el papa Francisco en su lucha contra la lacra de los abusos que han salpicado a la Iglesia en todo el mundo.<\/p>\n<p>El documento, que ha analizado un total de veinte pa\u00edses y varias instituciones y congregaciones religiosas, resalta la necesidad de &#8220;promover un mejor acceso de las v\u00edctimas &#8221; a las informaciones que necesiten para &#8220;afrontar el problema de la opacidad&#8221;.<\/p>\n<p>Asimismo, el texto aboga por &#8220;agilizar y acelerar los procesos de dimisi\u00f3n&#8221; de responsables eclesi\u00e1sticos.<\/p>\n<p>Se trata de un documento piloto en el que la Comisi\u00f3n analiza los casos de los pa\u00edses cuyos obispados han acudido en 2023 a Roma en visita &#8216;ad limina&#8217;, el viaje que deben hacer a la Santa Sede cada cinco a\u00f1os, entre estos los de Colombia y M\u00e9xico.<\/p>\n<p>Medidas recomendadas<\/p>\n<p>Entre las observaciones m\u00e1s destacadas, el informe reconoce &#8220;el derecho de cada ciudadano a acceder a cualquier informaci\u00f3n que le afecte&#8221;, tambi\u00e9n en los casos de abuso. Igualmente se apunta la &#8220;necesidad&#8221; de estudiar pol\u00edticas de &#8220;indemnizaci\u00f3n&#8221; a las v\u00edctimas.<\/p>\n<p>Asimismo, se recomienda &#8220;consolidar y aclarar&#8221; las competencias de cada dicasterio -&#8220;ministerio&#8221;- de la Curia Romana para &#8220;garantizar una gesti\u00f3n eficiente, r\u00e1pida y rigurosa&#8221; de cada posible caso de abuso que llegue a las estancias de la Santa Sede.<\/p>\n<p>El documento admite que para las &#8220;v\u00edctimas y supervivientes&#8221; los &#8220;procesos civiles y can\u00f3nicos pueden ser dif\u00edciles, lentos e incluso fuente de una continua victimizaci\u00f3n&#8221; por lo que recomienda agilizarlos porque, subraya, &#8220;la justicia no puede darse a costa de mayores traumas&#8221;.<\/p>\n<p>(ers \/efe,afp)<\/p>\n<div class=\"venep-after-content venep-entity-placement\" id=\"venep-1071999583\"><div id=\"venep-3218986036\"><script async src=\"https:\/\/pagead2.googlesyndication.com\/pagead\/js\/adsbygoogle.js?client=ca-pub-5862940809620110\"\r\n     crossorigin=\"anonymous\"><\/script>\r\n<ins class=\"adsbygoogle\"\r\n     style=\"display:block\"\r\n     data-ad-format=\"fluid\"\r\n     data-ad-layout-key=\"-6t+ed+2i-1n-4w\"\r\n     data-ad-client=\"ca-pub-5862940809620110\"\r\n     data-ad-slot=\"7946604715\"><\/ins>\r\n<script>\r\n     (adsbygoogle = window.adsbygoogle || []).push({});\r\n<\/script><\/div><\/div>","protected":false},"excerpt":{"rendered":"<p>El primer informe de la Pontificia Comisi\u00f3n para la Protecci\u00f3n de los Menores pide acelerar la destituci\u00f3n de sacerdotes acusados de delitos de pedofilia.El Vaticano dio a conocer este martes&hellip; <\/p>\n","protected":false},"author":505,"featured_media":67289,"comment_status":"open","ping_status":"open","sticky":false,"template":"","format":"standard","meta":{"footnotes":""},"categories":[85],"tags":[],"class_list":["post-67288","post","type-post","status-publish","format-standard","has-post-thumbnail","hentry","category-politica"],"_links":{"self":[{"href":"https:\/\/veneportal.com\/noticias\/wp-json\/wp\/v2\/posts\/67288","targetHints":{"allow":["GET"]}}],"collection":[{"href":"https:\/\/veneportal.com\/noticias\/wp-json\/wp\/v2\/posts"}],"about":[{"href":"https:\/\/veneportal.com\/noticias\/wp-json\/wp\/v2\/types\/post"}],"author":[{"embeddable":true,"href":"https:\/\/veneportal.com\/noticias\/wp-json\/wp\/v2\/users\/505"}],"replies":[{"embeddable":true,"href":"https:\/\/veneportal.com\/noticias\/wp-json\/wp\/v2\/comments?post=67288"}],"version-history":[{"count":0,"href":"https:\/\/veneportal.com\/noticias\/wp-json\/wp\/v2\/posts\/67288\/revisions"}],"wp:featuredmedia":[{"embeddable":true,"href":"https:\/\/veneportal.com\/noticias\/wp-json\/wp\/v2\/media\/67289"}],"wp:attachment":[{"href":"https:\/\/veneportal.com\/noticias\/wp-json\/wp\/v2\/media?parent=67288"}],"wp:term":[{"taxonomy":"category","embeddable":true,"href":"https:\/\/veneportal.com\/noticias\/wp-json\/wp\/v2\/categories?post=67288"},{"taxonomy":"post_tag","embeddable":true,"href":"https:\/\/veneportal.com\/noticias\/wp-json\/wp\/v2\/tags?post=67288"}],"curies":[{"name":"wp","href":"https:\/\/api.w.org\/{rel}","templated":true}]}}