{"id":67146,"date":"2024-10-25T17:02:04","date_gmt":"2024-10-25T21:02:04","guid":{"rendered":"https:\/\/veneportal.com\/noticias\/2024\/10\/25\/venezuela-no-pudo-entrar-a-los-brics-por-veto-de-brasil\/"},"modified":"2024-10-25T17:02:04","modified_gmt":"2024-10-25T21:02:04","slug":"venezuela-no-pudo-entrar-a-los-brics-por-veto-de-brasil","status":"publish","type":"post","link":"https:\/\/veneportal.com\/noticias\/2024\/10\/25\/venezuela-no-pudo-entrar-a-los-brics-por-veto-de-brasil\/","title":{"rendered":"Venezuela no pudo entrar a los BRICS por veto de Brasil"},"content":{"rendered":"<p>[iframe src=&#8221;https:\/\/www.vozdeamerica.com\/embed\/player\/0\/7839463.html?type=video&#8221; width=&#8221;640&#8243; height=&#8221;360&#8243; frameborder=&#8221;0&#8243; scrolling=&#8221;no&#8221; allowfullscreen=&#8221;allowfullscreen&#8221;]<\/p>\n<p>El gobierno de Nicol\u00e1s Maduro calific\u00f3 como una &#8220;agresi\u00f3n\u201d y un \u201cgesto hostil\u201d la decisi\u00f3n de Brasil de impedir el ingreso de Venezuela a los BRICS, un foro de econom\u00edas emergentes fundado en 2009.<\/p>\n<div class=\"venep-after-content venep-entity-placement\" id=\"venep-1779999028\"><div id=\"venep-2478545257\"><script async src=\"https:\/\/pagead2.googlesyndication.com\/pagead\/js\/adsbygoogle.js?client=ca-pub-5862940809620110\"\r\n     crossorigin=\"anonymous\"><\/script>\r\n<ins class=\"adsbygoogle\"\r\n     style=\"display:block\"\r\n     data-ad-format=\"fluid\"\r\n     data-ad-layout-key=\"-6t+ed+2i-1n-4w\"\r\n     data-ad-client=\"ca-pub-5862940809620110\"\r\n     data-ad-slot=\"7946604715\"><\/ins>\r\n<script>\r\n     (adsbygoogle = window.adsbygoogle || []).push({});\r\n<\/script><\/div><\/div>","protected":false},"excerpt":{"rendered":"<p>Venezuela no pudo entrar a los BRICS por veto de BrasilEl gobierno de Nicol\u00e1s Maduro calific\u00f3 como una &#8220;agresi\u00f3n\u201d y un \u201cgesto hostil\u201d la decisi\u00f3n de Brasil de impedir el ingreso de Venezuela a los BRICS, un foro de econom\u00edas emergentes fundado en 2009.<\/p>\n","protected":false},"author":1287,"featured_media":67147,"comment_status":"open","ping_status":"open","sticky":false,"template":"","format":"video","meta":{"footnotes":""},"categories":[93],"tags":[],"class_list":["post-67146","post","type-post","status-publish","format-video","has-post-thumbnail","hentry","category-multimedia","post_format-post-format-video"],"_links":{"self":[{"href":"https:\/\/veneportal.com\/noticias\/wp-json\/wp\/v2\/posts\/67146","targetHints":{"allow":["GET"]}}],"collection":[{"href":"https:\/\/veneportal.com\/noticias\/wp-json\/wp\/v2\/posts"}],"about":[{"href":"https:\/\/veneportal.com\/noticias\/wp-json\/wp\/v2\/types\/post"}],"author":[{"embeddable":true,"href":"https:\/\/veneportal.com\/noticias\/wp-json\/wp\/v2\/users\/1287"}],"replies":[{"embeddable":true,"href":"https:\/\/veneportal.com\/noticias\/wp-json\/wp\/v2\/comments?post=67146"}],"version-history":[{"count":0,"href":"https:\/\/veneportal.com\/noticias\/wp-json\/wp\/v2\/posts\/67146\/revisions"}],"wp:featuredmedia":[{"embeddable":true,"href":"https:\/\/veneportal.com\/noticias\/wp-json\/wp\/v2\/media\/67147"}],"wp:attachment":[{"href":"https:\/\/veneportal.com\/noticias\/wp-json\/wp\/v2\/media?parent=67146"}],"wp:term":[{"taxonomy":"category","embeddable":true,"href":"https:\/\/veneportal.com\/noticias\/wp-json\/wp\/v2\/categories?post=67146"},{"taxonomy":"post_tag","embeddable":true,"href":"https:\/\/veneportal.com\/noticias\/wp-json\/wp\/v2\/tags?post=67146"}],"curies":[{"name":"wp","href":"https:\/\/api.w.org\/{rel}","templated":true}]}}