{"id":65156,"date":"2024-09-10T12:00:07","date_gmt":"2024-09-10T16:00:07","guid":{"rendered":"https:\/\/veneportal.com\/noticias\/2024\/09\/10\/el-tribunal-supremo-espanol-confirma-que-no-aplica-la-amnistia-a-puigdemont\/"},"modified":"2024-09-10T12:00:07","modified_gmt":"2024-09-10T16:00:07","slug":"el-tribunal-supremo-espanol-confirma-que-no-aplica-la-amnistia-a-puigdemont","status":"publish","type":"post","link":"https:\/\/veneportal.com\/noticias\/2024\/09\/10\/el-tribunal-supremo-espanol-confirma-que-no-aplica-la-amnistia-a-puigdemont\/","title":{"rendered":"El Tribunal Supremo espa\u00f1ol confirma que no aplica la amnist\u00eda a Puigdemont"},"content":{"rendered":"<p>El juez del Supremo espa\u00f1ol Pablo Llarena rechaz\u00f3 el recurso del expresidente catal\u00e1n Carles Puigdemont contra su decisi\u00f3n de no aplicarle la ley de amnist\u00eda.El juez del Tribunal Supremo espa\u00f1ol Pablo Llarena ha rechazado el recurso del expresidente independentista catal\u00e1n Carles Puigdemont contra su decisi\u00f3n de no aplicarle la ley de amnist\u00eda por el delito de malversaci\u00f3n de caudales p\u00fablicos.<\/p>\n<p>En un auto conocido este martes (10.09.2024), el juez desestima los recursos de reforma de Puigdemont y de su antiguos colaboradores Lluis Puig y Antoni Com\u00edn, que ahora podr\u00e1n recurrir ante la Sala de Apelaciones del alto tribunal.<\/p>\n<p>Tambi\u00e9n rechaza Llarena los recursos de la Fiscal\u00eda y la Abogac\u00eda del Estado, que hab\u00edan reclamado aplicar la amnist\u00eda a los tres independentistas, huidos al extranjero y procesados en rebeld\u00eda en relaci\u00f3n con el proceso soberanista ilegal de 2017 de la regi\u00f3n aut\u00f3noma de Catalu\u00f1a.<\/p>\n<p>Argumenta que la ley deja fuera de la amnist\u00eda los delitos de malversaci\u00f3n cuando el sujeto act\u00fae con &#8220;el prop\u00f3sito de obtener un beneficio personal de car\u00e1cter patrimonial&#8221;, lo que concurre en este caso, seg\u00fan el juez.<\/p>\n<p>Resalta que el delito hubiera entrado en la norma si la Ley hubiera proclamado sin restricciones la amnist\u00eda por todos los delitos de malversaci\u00f3n cometidos para promover el refer\u00e9ndum inconstitucional de &#8216;autodeterminaci\u00f3n&#8217; de la regi\u00f3n de Catalu\u00f1a o si hubiera limitado la exclusi\u00f3n a casos de un aumento de la riqueza personal.<\/p>\n<p>Sin embargo, aduce que la ley indica que el concepto de enriquecimiento alcanza adem\u00e1s a las actuaciones donde se obtenga cualquier ventaja patrimonial personal.<\/p>\n<p>Esto incluye a quien, con cargo a los caudales p\u00fablicos, obtiene cualquier beneficio que hubiera exigido del pago de una contraprestaci\u00f3n dineraria, aunque no aumente materialmente su nivel de riqueza.<\/p>\n<p>Explica el juez que los procesados &#8220;decidieron cargar a los fondos p\u00fablicos aportados por los contribuyentes el coste&#8221; del refer\u00e9ndum.<\/p>\n<p>Llarena desestima al mismo tiempo el recurso del partido de extrema derecha Vox, que solicit\u00f3 que no se aplicase la amnist\u00eda tampoco al delito de desobediencia.<\/p>\n<p>Una ley pol\u00e9mica<\/p>\n<p>El 1 de julio pasado, Llarena ya se opuso a que se beneficiasen de la amnist\u00eda por malversaci\u00f3n y mantuvo la orden de que fueran detenidos en cuanto regresaran a Espa\u00f1a.<\/p>\n<p>Puigdemont, que hab\u00eda huido a B\u00e9lgica en 2017, reapareci\u00f3 p\u00fablicamente en la ciudad de Barcelona el pasado 8 de agosto, pero finalmente no fue arrestado y march\u00f3 de nuevo al extranjero.<\/p>\n<p>La ley de amnist\u00eda para los condenados, procesados e investigados judicialmente en relaci\u00f3n con el intento ilegal de independencia de Catalu\u00f1a ha suscitado un acalorado debate medi\u00e1tico y pol\u00edtico en Espa\u00f1a entre la izquierda, en el poder, y la derecha, en la oposici\u00f3n. Ha sido recurrida por el propio Supremo y los gobiernos de varias regiones en el Tribunal Constitucional.<\/p>\n<p>Promovida por los socialistas tras las elecciones generales de julio de 2023, fue pactada con los partidos independentistas catalanes, y en particular Puigdemont, que as\u00ed podr\u00eda volver a Espa\u00f1a libre de culpa.<\/p>\n<p>Fue su exigencia para apoyar la reelecci\u00f3n por el Congreso del socialista Pedro S\u00e1nchez como jefe del Ejecutivo espa\u00f1ol, pues carec\u00eda de diputados suficientes para ello.<\/p>\n<p>Votaron a favor la izquierda y los nacionalistas e independentistas vascos y catalanes y en contra la oposici\u00f3n de conservadores y de la extrema derecha.<\/p>\n<p>CP (efe, El Pa\u00eds)<\/p>\n<div class=\"venep-after-content venep-entity-placement\" id=\"venep-1091079662\"><div id=\"venep-4196363789\"><script async src=\"https:\/\/pagead2.googlesyndication.com\/pagead\/js\/adsbygoogle.js?client=ca-pub-5862940809620110\"\r\n     crossorigin=\"anonymous\"><\/script>\r\n<ins class=\"adsbygoogle\"\r\n     style=\"display:block\"\r\n     data-ad-format=\"fluid\"\r\n     data-ad-layout-key=\"-6t+ed+2i-1n-4w\"\r\n     data-ad-client=\"ca-pub-5862940809620110\"\r\n     data-ad-slot=\"7946604715\"><\/ins>\r\n<script>\r\n     (adsbygoogle = window.adsbygoogle || []).push({});\r\n<\/script><\/div><\/div>","protected":false},"excerpt":{"rendered":"<p>El juez del Supremo espa\u00f1ol Pablo Llarena rechaz\u00f3 el recurso del expresidente catal\u00e1n Carles Puigdemont contra su decisi\u00f3n de no aplicarle la ley de amnist\u00eda.El juez del Tribunal Supremo espa\u00f1ol&hellip; <\/p>\n","protected":false},"author":505,"featured_media":63891,"comment_status":"open","ping_status":"open","sticky":false,"template":"","format":"standard","meta":{"footnotes":""},"categories":[85],"tags":[],"class_list":["post-65156","post","type-post","status-publish","format-standard","has-post-thumbnail","hentry","category-politica"],"_links":{"self":[{"href":"https:\/\/veneportal.com\/noticias\/wp-json\/wp\/v2\/posts\/65156","targetHints":{"allow":["GET"]}}],"collection":[{"href":"https:\/\/veneportal.com\/noticias\/wp-json\/wp\/v2\/posts"}],"about":[{"href":"https:\/\/veneportal.com\/noticias\/wp-json\/wp\/v2\/types\/post"}],"author":[{"embeddable":true,"href":"https:\/\/veneportal.com\/noticias\/wp-json\/wp\/v2\/users\/505"}],"replies":[{"embeddable":true,"href":"https:\/\/veneportal.com\/noticias\/wp-json\/wp\/v2\/comments?post=65156"}],"version-history":[{"count":0,"href":"https:\/\/veneportal.com\/noticias\/wp-json\/wp\/v2\/posts\/65156\/revisions"}],"wp:featuredmedia":[{"embeddable":true,"href":"https:\/\/veneportal.com\/noticias\/wp-json\/wp\/v2\/media\/63891"}],"wp:attachment":[{"href":"https:\/\/veneportal.com\/noticias\/wp-json\/wp\/v2\/media?parent=65156"}],"wp:term":[{"taxonomy":"category","embeddable":true,"href":"https:\/\/veneportal.com\/noticias\/wp-json\/wp\/v2\/categories?post=65156"},{"taxonomy":"post_tag","embeddable":true,"href":"https:\/\/veneportal.com\/noticias\/wp-json\/wp\/v2\/tags?post=65156"}],"curies":[{"name":"wp","href":"https:\/\/api.w.org\/{rel}","templated":true}]}}