{"id":65154,"date":"2024-09-10T12:00:07","date_gmt":"2024-09-10T16:00:07","guid":{"rendered":"https:\/\/veneportal.com\/noticias\/2024\/09\/10\/israel-admite-que-probablemente-mato-sin-querer-a-la-activista-aysenur-en-cisjordania\/"},"modified":"2024-09-10T12:00:07","modified_gmt":"2024-09-10T16:00:07","slug":"israel-admite-que-probablemente-mato-sin-querer-a-la-activista-aysenur-en-cisjordania","status":"publish","type":"post","link":"https:\/\/veneportal.com\/noticias\/2024\/09\/10\/israel-admite-que-probablemente-mato-sin-querer-a-la-activista-aysenur-en-cisjordania\/","title":{"rendered":"Israel admite que probablemente mat\u00f3 &#8220;sin querer&#8221; a la activista Aysenur en Cisjordania"},"content":{"rendered":"<p>El Ej\u00e9rcito de Israel admiti\u00f3 que sus fuerzas mataron probablemente &#8220;sin querer&#8221; a la activista turco-estadounidense Aysenur Ezgi Eygi durante protesta en Cisjordania.El Ej\u00e9rcito israel\u00ed reconoci\u00f3 este martes (10.09.2024) que sus fuerzas probablemente mataron &#8220;sin querer&#8221; a la activista turco-estadounidense Aysenur Ezgi Eygi durante una protesta cerca de la localidad de Nablus, en Cisjordania ocupada, el pasado d\u00eda 6 de septiembre.<\/p>\n<p>Tras una investigaci\u00f3n sobre los hechos, el Ej\u00e9rcito de Israel asegur\u00f3 que &#8220;es altamente probable que fuera alcanzada sin querer por fuego israel\u00ed que no iba dirigido contra ella&#8221;, sino contra un presunto instigador en una manifestaci\u00f3n que calific\u00f3 de &#8220;disturbio&#8221;.<\/p>\n<p>Israel no dio m\u00e1s detalles sobre qui\u00e9n era el objetivo de su ataque durante una marcha semanal organizada por el Movimiento de Solidaridad Internacional (ISM, en ingl\u00e9s) contra la expansi\u00f3n de los asentamientos israel\u00edes en Cisjordania que, seg\u00fan testigos, transcurri\u00f3 de manera pac\u00edfica.<\/p>\n<p>El s\u00e1bado (7.09.2024), el gobernador de Nablus, Ghassan Daghlas, asegur\u00f3 que la autopsia realizada a la activista confirm\u00f3 que muri\u00f3 por un disparo en la cabeza realizado por un soldado israel\u00ed.<\/p>\n<p>Las autoridades israel\u00edes solicitaron hoy realizar su propia autopsia al cuerpo de la joven. &#8220;El Ej\u00e9rcito expresa su m\u00e1s sincero pesar por la muerte de Aysenur Ezgi Eygi&#8221;, remacharon las fuerzas.<\/p>\n<p>Jonathan Pollak, veterano activista israel\u00ed que particip\u00f3 en la protesta en la que muri\u00f3 la joven, dijo hoy a la agencia EFE que los soldados permanecieron apostados en una colina a m\u00e1s de 200 metros de los manifestantes, desde donde ten\u00edan &#8220;una l\u00ednea de visi\u00f3n clara&#8221; de a qu\u00e9 disparaban.<\/p>\n<p>Ya el mismo d\u00eda del suceso, los militares dijeron que hab\u00edan abierto fuego para mitigar la amenaza de &#8220;un instigador&#8221; que estaba lanzando piedras contra los soldados, algo que refutaron los testigos.<\/p>\n<p>Cientos de personas participaron ayer en una marcha funeraria por la activista en Nablus. Con el cuerpo envuelto en una bandera palestina y el rostro rodeado de una kufiya, la activista de 26 a\u00f1os fue cargada en una camilla, primero por guardias de honor con uniforme verde y luego por sus amigos m\u00e1s cercanos.<\/p>\n<p>Blinken: la muerte de activista turcoestadounidense por disparos de Israel es &#8220;injustificada&#8221;<\/p>\n<p>El secretario de Estado estadounidense, Antony Blinken, calific\u00f3 este martes en Londres de &#8220;injustificada&#8221; la muerte de una activista turcoestadounidense por disparos del ej\u00e9rcito israel\u00ed en la ocupada Cisjordania la semana pasada.<\/p>\n<p>El jefe de la diplomacia estadounidense, afirmando que el Ej\u00e9rcito israel\u00ed necesita hacer &#8220;cambios fundamentales&#8221;, asegur\u00f3 que la muerte de Aysenur Ezgi Eygi, de 26 a\u00f1os, &#8220;es injustificada&#8221;, en una rueda de prensa en Londres, en su visita de un d\u00eda al Reino Unido.<\/p>\n<p>CP (efe, afp)<\/p>\n<div class=\"venep-after-content venep-entity-placement\" id=\"venep-3688237261\"><div id=\"venep-2105705966\"><script async src=\"https:\/\/pagead2.googlesyndication.com\/pagead\/js\/adsbygoogle.js?client=ca-pub-5862940809620110\"\r\n     crossorigin=\"anonymous\"><\/script>\r\n<ins class=\"adsbygoogle\"\r\n     style=\"display:block\"\r\n     data-ad-format=\"fluid\"\r\n     data-ad-layout-key=\"-6t+ed+2i-1n-4w\"\r\n     data-ad-client=\"ca-pub-5862940809620110\"\r\n     data-ad-slot=\"7946604715\"><\/ins>\r\n<script>\r\n     (adsbygoogle = window.adsbygoogle || []).push({});\r\n<\/script><\/div><\/div>","protected":false},"excerpt":{"rendered":"<p>El Ej\u00e9rcito de Israel admiti\u00f3 que sus fuerzas mataron probablemente &#8220;sin querer&#8221; a la activista turco-estadounidense Aysenur Ezgi Eygi durante protesta en Cisjordania.El Ej\u00e9rcito israel\u00ed reconoci\u00f3 este martes (10.09.2024) que&hellip; <\/p>\n","protected":false},"author":505,"featured_media":65155,"comment_status":"open","ping_status":"open","sticky":false,"template":"","format":"standard","meta":{"footnotes":""},"categories":[85],"tags":[],"class_list":["post-65154","post","type-post","status-publish","format-standard","has-post-thumbnail","hentry","category-politica"],"_links":{"self":[{"href":"https:\/\/veneportal.com\/noticias\/wp-json\/wp\/v2\/posts\/65154","targetHints":{"allow":["GET"]}}],"collection":[{"href":"https:\/\/veneportal.com\/noticias\/wp-json\/wp\/v2\/posts"}],"about":[{"href":"https:\/\/veneportal.com\/noticias\/wp-json\/wp\/v2\/types\/post"}],"author":[{"embeddable":true,"href":"https:\/\/veneportal.com\/noticias\/wp-json\/wp\/v2\/users\/505"}],"replies":[{"embeddable":true,"href":"https:\/\/veneportal.com\/noticias\/wp-json\/wp\/v2\/comments?post=65154"}],"version-history":[{"count":0,"href":"https:\/\/veneportal.com\/noticias\/wp-json\/wp\/v2\/posts\/65154\/revisions"}],"wp:featuredmedia":[{"embeddable":true,"href":"https:\/\/veneportal.com\/noticias\/wp-json\/wp\/v2\/media\/65155"}],"wp:attachment":[{"href":"https:\/\/veneportal.com\/noticias\/wp-json\/wp\/v2\/media?parent=65154"}],"wp:term":[{"taxonomy":"category","embeddable":true,"href":"https:\/\/veneportal.com\/noticias\/wp-json\/wp\/v2\/categories?post=65154"},{"taxonomy":"post_tag","embeddable":true,"href":"https:\/\/veneportal.com\/noticias\/wp-json\/wp\/v2\/tags?post=65154"}],"curies":[{"name":"wp","href":"https:\/\/api.w.org\/{rel}","templated":true}]}}