{"id":63505,"date":"2024-08-02T10:00:08","date_gmt":"2024-08-02T14:00:08","guid":{"rendered":"https:\/\/veneportal.com\/noticias\/2024\/08\/02\/denuncian-detenciones-arbitrarias-tras-manifestaciones-en-venezuela\/"},"modified":"2024-08-02T10:00:08","modified_gmt":"2024-08-02T14:00:08","slug":"denuncian-detenciones-arbitrarias-tras-manifestaciones-en-venezuela","status":"publish","type":"post","link":"https:\/\/veneportal.com\/noticias\/2024\/08\/02\/denuncian-detenciones-arbitrarias-tras-manifestaciones-en-venezuela\/","title":{"rendered":"Denuncian detenciones &#8220;arbitrarias&#8221; tras manifestaciones en Venezuela"},"content":{"rendered":"<p>[iframe src=&#8221;https:\/\/www.vozdeamerica.com\/embed\/player\/0\/7726613.html?type=video&#8221; width=&#8221;640&#8243; height=&#8221;360&#8243; frameborder=&#8221;0&#8243; scrolling=&#8221;no&#8221; allowfullscreen=&#8221;allowfullscreen&#8221;]<\/p>\n<p>Decenas de familiares se re\u00fanen frente a un centro de detenci\u00f3n en Caracas a la espera de informaci\u00f3n de sus allegados. Denuncian detenciones \u201carbitrarias\u201d en el contexto de las manifestaciones postelectorales.<\/p>\n<div class=\"venep-after-content venep-entity-placement\" id=\"venep-3991662918\"><div id=\"venep-2159656320\"><script async src=\"https:\/\/pagead2.googlesyndication.com\/pagead\/js\/adsbygoogle.js?client=ca-pub-5862940809620110\"\r\n     crossorigin=\"anonymous\"><\/script>\r\n<ins class=\"adsbygoogle\"\r\n     style=\"display:block\"\r\n     data-ad-format=\"fluid\"\r\n     data-ad-layout-key=\"-6t+ed+2i-1n-4w\"\r\n     data-ad-client=\"ca-pub-5862940809620110\"\r\n     data-ad-slot=\"7946604715\"><\/ins>\r\n<script>\r\n     (adsbygoogle = window.adsbygoogle || []).push({});\r\n<\/script><\/div><\/div>","protected":false},"excerpt":{"rendered":"<p>Denuncian detenciones &#8220;arbitrarias&#8221; tras manifestaciones en VenezuelaDecenas de familiares se re\u00fanen frente a un centro de detenci\u00f3n en Caracas a la espera de informaci\u00f3n de sus allegados. Denuncian detenciones \u201carbitrarias\u201d en el contexto de las manifestaciones postelectorales.<\/p>\n","protected":false},"author":1287,"featured_media":63506,"comment_status":"open","ping_status":"open","sticky":false,"template":"","format":"video","meta":{"footnotes":""},"categories":[93],"tags":[],"class_list":["post-63505","post","type-post","status-publish","format-video","has-post-thumbnail","hentry","category-multimedia","post_format-post-format-video"],"_links":{"self":[{"href":"https:\/\/veneportal.com\/noticias\/wp-json\/wp\/v2\/posts\/63505","targetHints":{"allow":["GET"]}}],"collection":[{"href":"https:\/\/veneportal.com\/noticias\/wp-json\/wp\/v2\/posts"}],"about":[{"href":"https:\/\/veneportal.com\/noticias\/wp-json\/wp\/v2\/types\/post"}],"author":[{"embeddable":true,"href":"https:\/\/veneportal.com\/noticias\/wp-json\/wp\/v2\/users\/1287"}],"replies":[{"embeddable":true,"href":"https:\/\/veneportal.com\/noticias\/wp-json\/wp\/v2\/comments?post=63505"}],"version-history":[{"count":0,"href":"https:\/\/veneportal.com\/noticias\/wp-json\/wp\/v2\/posts\/63505\/revisions"}],"wp:featuredmedia":[{"embeddable":true,"href":"https:\/\/veneportal.com\/noticias\/wp-json\/wp\/v2\/media\/63506"}],"wp:attachment":[{"href":"https:\/\/veneportal.com\/noticias\/wp-json\/wp\/v2\/media?parent=63505"}],"wp:term":[{"taxonomy":"category","embeddable":true,"href":"https:\/\/veneportal.com\/noticias\/wp-json\/wp\/v2\/categories?post=63505"},{"taxonomy":"post_tag","embeddable":true,"href":"https:\/\/veneportal.com\/noticias\/wp-json\/wp\/v2\/tags?post=63505"}],"curies":[{"name":"wp","href":"https:\/\/api.w.org\/{rel}","templated":true}]}}