{"id":63479,"date":"2024-08-02T00:00:07","date_gmt":"2024-08-02T04:00:07","guid":{"rendered":"https:\/\/veneportal.com\/noticias\/2024\/08\/02\/la-ue-expresa-su-alivio-tras-canje-de-prisioneros-con-rusia\/"},"modified":"2024-08-02T00:00:07","modified_gmt":"2024-08-02T04:00:07","slug":"la-ue-expresa-su-alivio-tras-canje-de-prisioneros-con-rusia","status":"publish","type":"post","link":"https:\/\/veneportal.com\/noticias\/2024\/08\/02\/la-ue-expresa-su-alivio-tras-canje-de-prisioneros-con-rusia\/","title":{"rendered":"La UE expresa su alivio tras canje de prisioneros con Rusia"},"content":{"rendered":"<p>Los liberados aterrizaron en el aeropuerto de Colonia, donde el canciller alem\u00e1n Olaf Scholz los recibi\u00f3 personalmente.La Uni\u00f3n Europea(UE) celebr\u00f3 el jueves (01.08.2024) la liberaci\u00f3n de prisioneros &#8220;injustamente perseguidos&#8221; en el marco de un canje alcanzado por Rusia y Bielorrusia con pa\u00edses occidentales, y pidi\u00f3 la liberaci\u00f3n de todos los presos pol\u00edticos.<\/p>\n<p>&#8220;La Uni\u00f3n Europea se siente aliviada por la liberaci\u00f3n y el traslado a la libertad fuera de Rusia y Bielorrusia de varios presos pol\u00edticos, entre ellos ciudadanos de la UE, facilitada con la ayuda de Turqu\u00eda&#8221;, declar\u00f3 el jefe de la diplomacia del bloque, Josep Borrell.<\/p>\n<p>Los prisioneros liberados en el canje con Rusia aterrizaron en el aeropuerto de la ciudad alemana de Colonia, donde el canciller, Olaf Scholz, los recibi\u00f3 personalmente. <\/p>\n<p>Dos aviones llegaron esta noche al pa\u00eds centroeuropeo procedentes de Ankara con la mayor\u00eda de los 16 prisioneros liberados a bordo. Solo un peque\u00f1o grupo de los reci\u00e9n canjeados vol\u00f3 directamente a Estados Unidos.<\/p>\n<p>Varias decenas de personas esperaban en los alrededores del aeropuerto para reunirse con los presos pol\u00edticos intercambiados a las puertas del aeropuerto de Colonia.<\/p>\n<p>Scholz interrumpi\u00f3 sus vacaciones<\/p>\n<p>El canciller germano interrumpi\u00f3 sus vacaciones para dar la bienvenida a los liberados. &#8220;Es un momento especial para m\u00ed&#8221;, subray\u00f3 ante los medios en el aer\u00f3dromo.<\/p>\n<p>&#8220;Ha sido muy emocionante, mucha gente no esperaba que ocurriera ahora&#8221;, a\u00f1adi\u00f3.<\/p>\n<p>Scholz entreg\u00f3 en el canje a Rusia a petici\u00f3n de Estados Unidos, al agente ruso Vadim Kr\u00e1sikov, condenado a finales de 2022 a cadena perpetua por un tribunal alem\u00e1n tras asesinar en 2019 a un ciudadano georgiano de ascendencia chechena en un parque berlin\u00e9s, una decisi\u00f3n &#8220;dif\u00edcil&#8221;, seg\u00fan reconoci\u00f3.<\/p>\n<p>El presidente estadounidense, Joe Biden, quer\u00eda conseguir la liberaci\u00f3n del periodista del Wall Street Journal Evan Gershkovich y el exinfante de Marina Paul Whelan, pero el Kremlin insisti\u00f3 en que para poder cerrar el canje Alemania deb\u00eda incluir a Kr\u00e1sikov, algo que Scholz hab\u00eda rechazado inicialmente. <\/p>\n<p>Scholz agradeci\u00f3 a los otros pa\u00edses europeos, como Eslovenia y Noruega, su contribuci\u00f3n para liberar a los prisioneros, adem\u00e1s de subrayar que el canje ha profundizado a\u00fan m\u00e1s la amistad entre Alemania y Estados Unidos.<\/p>\n<p>Sholz: entregar a Kr\u00e1silov fue una &#8220;decisi\u00f3n dificil&#8221; pero &#8220;correcta&#8221;<\/p>\n<p>El canciller alem\u00e1n dijo que fue la &#8220;decisi\u00f3n correcta&#8221; entregar a Kr\u00e1sikov al Kremlin. &#8220;Y si hab\u00eda alguna duda, uno la pierde despu\u00e9s de hablar con los que ahora son libres&#8221;, explic\u00f3.<\/p>\n<p>&#8220;Somos una sociedad que se caracteriza por su humanismo, por la idea de la libertad individual y la democracia, y el hecho de que quienes tienen que temer por su vida por haber defendido la democracia y la libertad puedan contar tambi\u00e9n con la protecci\u00f3n de los dem\u00e1s forma parte de nuestra imagen como sociedad democr\u00e1tica y humanista&#8221;, recalc\u00f3.<\/p>\n<p>Entre los prisioneros liberados que aterrizaron en Colonia figura el ciudadano alem\u00e1n Rico Krieger, indultado el martes por el presidente bielorruso, Alexandr Lukashenko, tras haber sido condenado a pena de muerte en Bielorrusia por, entre otros, delitos de terrorismo, adem\u00e1s de otros cuatro nacionales.<\/p>\n<p>Presos pol\u00edticos liberados<\/p>\n<p>Seg\u00fan la lista de indultados por el presidente ruso, Vlad\u00edmir Putin, los familiares de los liberados y el video del canje difundido por el Servicio Federal de Seguridad ruso (FSB), los otros cuatro nacionales canjeados son los germano-rusos Kevin Lik y Demuri Voronin, y los alemanes German Moyzhe y Patrick Sch\u00f6bel.<\/p>\n<p>Tambi\u00e9n llegaron a Alemania el septuagenario activista Oleg Orlov, dirigente de Memorial, organizaci\u00f3n que recibi\u00f3 el Nobel de la Paz en 2022, y otros activistas de derechos humanos y opositores a la guerra, entre ellos figuras clave de la red del fallecido l\u00edder opositor ruso, Alex\u00e9i Navalni.<\/p>\n<p>Asimismo, fueron liberados el pol\u00edtico opositor ruso Ili\u00e1 Yashin y el excolumnista de The Washington Post y tambi\u00e9n pol\u00edtico opositor Vlad\u00edmir Kara-Murz\u00e1, con ciudadan\u00eda brit\u00e1nico-rusa, quien se trasladar\u00e1 a Estados Unidos.<\/p>\n<p>&#8220;Deseo todo lo mejor a los que ahora han venido aqu\u00ed. Que su salud se recupere y que encuentren una perspectiva. Y deseo a los que hoy siguen en las c\u00e1rceles rusas y temen por su libertad, por su vida y su salud, que ellos tambi\u00e9n encuentren la manera de recuperar su libertad&#8221;, enfatiz\u00f3 Scholz.<\/p>\n<p>&#8220;En cualquier caso, seguiremos defendiendo la democracia y la libertad, nos lo debemos como pa\u00eds, como naci\u00f3n&#8221;, concluy\u00f3 su declaraci\u00f3n. <\/p>\n<p>jc (afp, efe)<\/p>\n<div class=\"venep-after-content venep-entity-placement\" id=\"venep-2369055473\"><div id=\"venep-892579091\"><script async src=\"https:\/\/pagead2.googlesyndication.com\/pagead\/js\/adsbygoogle.js?client=ca-pub-5862940809620110\"\r\n     crossorigin=\"anonymous\"><\/script>\r\n<ins class=\"adsbygoogle\"\r\n     style=\"display:block\"\r\n     data-ad-format=\"fluid\"\r\n     data-ad-layout-key=\"-6t+ed+2i-1n-4w\"\r\n     data-ad-client=\"ca-pub-5862940809620110\"\r\n     data-ad-slot=\"7946604715\"><\/ins>\r\n<script>\r\n     (adsbygoogle = window.adsbygoogle || []).push({});\r\n<\/script><\/div><\/div>","protected":false},"excerpt":{"rendered":"<p>Los liberados aterrizaron en el aeropuerto de Colonia, donde el canciller alem\u00e1n Olaf Scholz los recibi\u00f3 personalmente.La Uni\u00f3n Europea(UE) celebr\u00f3 el jueves (01.08.2024) la liberaci\u00f3n de prisioneros &#8220;injustamente perseguidos&#8221; en&hellip; <\/p>\n","protected":false},"author":505,"featured_media":63480,"comment_status":"open","ping_status":"open","sticky":false,"template":"","format":"standard","meta":{"footnotes":""},"categories":[85],"tags":[],"class_list":["post-63479","post","type-post","status-publish","format-standard","has-post-thumbnail","hentry","category-politica"],"_links":{"self":[{"href":"https:\/\/veneportal.com\/noticias\/wp-json\/wp\/v2\/posts\/63479","targetHints":{"allow":["GET"]}}],"collection":[{"href":"https:\/\/veneportal.com\/noticias\/wp-json\/wp\/v2\/posts"}],"about":[{"href":"https:\/\/veneportal.com\/noticias\/wp-json\/wp\/v2\/types\/post"}],"author":[{"embeddable":true,"href":"https:\/\/veneportal.com\/noticias\/wp-json\/wp\/v2\/users\/505"}],"replies":[{"embeddable":true,"href":"https:\/\/veneportal.com\/noticias\/wp-json\/wp\/v2\/comments?post=63479"}],"version-history":[{"count":0,"href":"https:\/\/veneportal.com\/noticias\/wp-json\/wp\/v2\/posts\/63479\/revisions"}],"wp:featuredmedia":[{"embeddable":true,"href":"https:\/\/veneportal.com\/noticias\/wp-json\/wp\/v2\/media\/63480"}],"wp:attachment":[{"href":"https:\/\/veneportal.com\/noticias\/wp-json\/wp\/v2\/media?parent=63479"}],"wp:term":[{"taxonomy":"category","embeddable":true,"href":"https:\/\/veneportal.com\/noticias\/wp-json\/wp\/v2\/categories?post=63479"},{"taxonomy":"post_tag","embeddable":true,"href":"https:\/\/veneportal.com\/noticias\/wp-json\/wp\/v2\/tags?post=63479"}],"curies":[{"name":"wp","href":"https:\/\/api.w.org\/{rel}","templated":true}]}}