{"id":63473,"date":"2024-08-01T17:00:06","date_gmt":"2024-08-01T21:00:06","guid":{"rendered":"https:\/\/veneportal.com\/noticias\/2024\/08\/01\/bandera-de-brasil-fue-izada-en-la-sede-de-la-embajada-de-argentina-en-venezuela\/"},"modified":"2024-08-01T17:00:06","modified_gmt":"2024-08-01T21:00:06","slug":"bandera-de-brasil-fue-izada-en-la-sede-de-la-embajada-de-argentina-en-venezuela","status":"publish","type":"post","link":"https:\/\/veneportal.com\/noticias\/2024\/08\/01\/bandera-de-brasil-fue-izada-en-la-sede-de-la-embajada-de-argentina-en-venezuela\/","title":{"rendered":"Bandera de Brasil fue izada en la sede de la embajada de Argentina en Venezuela"},"content":{"rendered":"<p>[iframe src=&#8221;https:\/\/www.vozdeamerica.com\/embed\/player\/0\/7726014.html?type=video&#8221; width=&#8221;640&#8243; height=&#8221;360&#8243; frameborder=&#8221;0&#8243; scrolling=&#8221;no&#8221; allowfullscreen=&#8221;allowfullscreen&#8221;]<\/p>\n<p>El presidente de Argentina, Javier Milei, agradeci\u00f3 este jueves a Brasil por su disposici\u00f3n a encargarse de la custodia de la embajada de Argentina en Venezuela, luego de que el gobierno de Nicol\u00e1s Maduro expuls\u00f3 a su personal diplom\u00e1tico. Informa, Carolina Alcalde, de la Voz de Am\u00e9rica.<\/p>\n<div class=\"venep-after-content venep-entity-placement\" id=\"venep-3271070777\"><div id=\"venep-1653271237\"><a href=\"https:\/\/veneportal.com\/precios-premium\/\" aria-label=\"anuncios digitales $1 veneportal\"><img src=\"https:\/\/veneportal.com\/noticias\/wp-content\/uploads\/sites\/2\/2021\/03\/anuncios-digitals-1.png\" alt=\"anuncios digitales $1 veneportal\"  srcset=\"https:\/\/veneportal.com\/noticias\/wp-content\/uploads\/sites\/2\/2021\/03\/anuncios-digitals-1.png 1748w, https:\/\/veneportal.com\/noticias\/wp-content\/uploads\/sites\/2\/2021\/03\/anuncios-digitals-1-300x213.png 300w, https:\/\/veneportal.com\/noticias\/wp-content\/uploads\/sites\/2\/2021\/03\/anuncios-digitals-1-1024x726.png 1024w, https:\/\/veneportal.com\/noticias\/wp-content\/uploads\/sites\/2\/2021\/03\/anuncios-digitals-1-768x545.png 768w, https:\/\/veneportal.com\/noticias\/wp-content\/uploads\/sites\/2\/2021\/03\/anuncios-digitals-1-1536x1090.png 1536w, https:\/\/veneportal.com\/noticias\/wp-content\/uploads\/sites\/2\/2021\/03\/anuncios-digitals-1-600x426.png 600w\" sizes=\"(max-width: 1748px) 100vw, 1748px\" width=\"1748\" height=\"1240\"   \/><\/a><\/div><\/div>","protected":false},"excerpt":{"rendered":"<p>Bandera de Brasil fue izada en la sede de la embajada de Argentina en VenezuelaEl presidente de Argentina, Javier Milei, agradeci\u00f3 este jueves a Brasil por su disposici\u00f3n a encargarse de la custodia de la embajada de Argentina en Venezuela, luego de que el gobierno de Nicol\u00e1s Maduro expuls\u00f3 a su personal diplom\u00e1tico. Informa, Carolina Alcalde, de la Voz de Am\u00e9rica.<\/p>\n","protected":false},"author":1287,"featured_media":63474,"comment_status":"open","ping_status":"open","sticky":false,"template":"","format":"video","meta":{"footnotes":""},"categories":[93],"tags":[],"class_list":["post-63473","post","type-post","status-publish","format-video","has-post-thumbnail","hentry","category-multimedia","post_format-post-format-video"],"_links":{"self":[{"href":"https:\/\/veneportal.com\/noticias\/wp-json\/wp\/v2\/posts\/63473","targetHints":{"allow":["GET"]}}],"collection":[{"href":"https:\/\/veneportal.com\/noticias\/wp-json\/wp\/v2\/posts"}],"about":[{"href":"https:\/\/veneportal.com\/noticias\/wp-json\/wp\/v2\/types\/post"}],"author":[{"embeddable":true,"href":"https:\/\/veneportal.com\/noticias\/wp-json\/wp\/v2\/users\/1287"}],"replies":[{"embeddable":true,"href":"https:\/\/veneportal.com\/noticias\/wp-json\/wp\/v2\/comments?post=63473"}],"version-history":[{"count":0,"href":"https:\/\/veneportal.com\/noticias\/wp-json\/wp\/v2\/posts\/63473\/revisions"}],"wp:featuredmedia":[{"embeddable":true,"href":"https:\/\/veneportal.com\/noticias\/wp-json\/wp\/v2\/media\/63474"}],"wp:attachment":[{"href":"https:\/\/veneportal.com\/noticias\/wp-json\/wp\/v2\/media?parent=63473"}],"wp:term":[{"taxonomy":"category","embeddable":true,"href":"https:\/\/veneportal.com\/noticias\/wp-json\/wp\/v2\/categories?post=63473"},{"taxonomy":"post_tag","embeddable":true,"href":"https:\/\/veneportal.com\/noticias\/wp-json\/wp\/v2\/tags?post=63473"}],"curies":[{"name":"wp","href":"https:\/\/api.w.org\/{rel}","templated":true}]}}