{"id":63471,"date":"2024-08-01T17:00:06","date_gmt":"2024-08-01T21:00:06","guid":{"rendered":"https:\/\/veneportal.com\/noticias\/2024\/08\/01\/harris-rechaza-cuestionamientos-raciales-de-trump\/"},"modified":"2024-08-01T17:00:06","modified_gmt":"2024-08-01T21:00:06","slug":"harris-rechaza-cuestionamientos-raciales-de-trump","status":"publish","type":"post","link":"https:\/\/veneportal.com\/noticias\/2024\/08\/01\/harris-rechaza-cuestionamientos-raciales-de-trump\/","title":{"rendered":"Harris rechaza cuestionamientos raciales de Trump"},"content":{"rendered":"<p>[iframe src=&#8221;https:\/\/www.vozdeamerica.com\/embed\/player\/0\/7726336.html?type=video&#8221; width=&#8221;640&#8243; height=&#8221;360&#8243; frameborder=&#8221;0&#8243; scrolling=&#8221;no&#8221; allowfullscreen=&#8221;allowfullscreen&#8221;]<\/p>\n<p>Como un insulto calific\u00f3 la Casa Blanca el cuestionamiento que hizo Donald Trump sobre la identidad racial de Kamala Harris, ataques que contin\u00faan pese a que republicanos han hecho un llamado a no atacar a la persona sino a las propuestas. Laura Sep\u00falveda, periodista de la Voz de Am\u00e9rica.<\/p>\n<div class=\"venep-after-content venep-entity-placement\" id=\"venep-1835938387\"><div id=\"venep-63582335\"><script async src=\"https:\/\/pagead2.googlesyndication.com\/pagead\/js\/adsbygoogle.js?client=ca-pub-5862940809620110\"\r\n     crossorigin=\"anonymous\"><\/script>\r\n<ins class=\"adsbygoogle\"\r\n     style=\"display:block\"\r\n     data-ad-format=\"fluid\"\r\n     data-ad-layout-key=\"-6t+ed+2i-1n-4w\"\r\n     data-ad-client=\"ca-pub-5862940809620110\"\r\n     data-ad-slot=\"7946604715\"><\/ins>\r\n<script>\r\n     (adsbygoogle = window.adsbygoogle || []).push({});\r\n<\/script><\/div><\/div>","protected":false},"excerpt":{"rendered":"<p>Harris rechaza cuestionamientos raciales de TrumpComo un insulto calific\u00f3 la Casa Blanca el cuestionamiento que hizo Donald Trump sobre la identidad racial de Kamala Harris, ataques que contin\u00faan pese a que republicanos han hecho un llamado a no atacar a la persona sino a las propuestas. Laura Sep\u00falveda, periodista de la Voz de Am\u00e9rica.<\/p>\n","protected":false},"author":1287,"featured_media":63472,"comment_status":"open","ping_status":"open","sticky":false,"template":"","format":"video","meta":{"footnotes":""},"categories":[93],"tags":[],"class_list":["post-63471","post","type-post","status-publish","format-video","has-post-thumbnail","hentry","category-multimedia","post_format-post-format-video"],"_links":{"self":[{"href":"https:\/\/veneportal.com\/noticias\/wp-json\/wp\/v2\/posts\/63471","targetHints":{"allow":["GET"]}}],"collection":[{"href":"https:\/\/veneportal.com\/noticias\/wp-json\/wp\/v2\/posts"}],"about":[{"href":"https:\/\/veneportal.com\/noticias\/wp-json\/wp\/v2\/types\/post"}],"author":[{"embeddable":true,"href":"https:\/\/veneportal.com\/noticias\/wp-json\/wp\/v2\/users\/1287"}],"replies":[{"embeddable":true,"href":"https:\/\/veneportal.com\/noticias\/wp-json\/wp\/v2\/comments?post=63471"}],"version-history":[{"count":0,"href":"https:\/\/veneportal.com\/noticias\/wp-json\/wp\/v2\/posts\/63471\/revisions"}],"wp:featuredmedia":[{"embeddable":true,"href":"https:\/\/veneportal.com\/noticias\/wp-json\/wp\/v2\/media\/63472"}],"wp:attachment":[{"href":"https:\/\/veneportal.com\/noticias\/wp-json\/wp\/v2\/media?parent=63471"}],"wp:term":[{"taxonomy":"category","embeddable":true,"href":"https:\/\/veneportal.com\/noticias\/wp-json\/wp\/v2\/categories?post=63471"},{"taxonomy":"post_tag","embeddable":true,"href":"https:\/\/veneportal.com\/noticias\/wp-json\/wp\/v2\/tags?post=63471"}],"curies":[{"name":"wp","href":"https:\/\/api.w.org\/{rel}","templated":true}]}}