{"id":63469,"date":"2024-08-01T17:00:06","date_gmt":"2024-08-01T21:00:06","guid":{"rendered":"https:\/\/veneportal.com\/noticias\/2024\/08\/01\/eliminados-tres-lideres-de-hamas-y-hezbola-en-dos-semanas\/"},"modified":"2024-08-01T17:00:06","modified_gmt":"2024-08-01T21:00:06","slug":"eliminados-tres-lideres-de-hamas-y-hezbola-en-dos-semanas","status":"publish","type":"post","link":"https:\/\/veneportal.com\/noticias\/2024\/08\/01\/eliminados-tres-lideres-de-hamas-y-hezbola-en-dos-semanas\/","title":{"rendered":"Eliminados tres l\u00edderes de Ham\u00e1s y Hezbol\u00e1 en dos semanas"},"content":{"rendered":"<p>[iframe src=&#8221;https:\/\/www.vozdeamerica.com\/embed\/player\/0\/7726377.html?type=video&#8221; width=&#8221;640&#8243; height=&#8221;360&#8243; frameborder=&#8221;0&#8243; scrolling=&#8221;no&#8221; allowfullscreen=&#8221;allowfullscreen&#8221;]<\/p>\n<p>Israel confirm\u00f3 la eliminaci\u00f3n del jefe del ala militar de Ham\u00e1s, Muhamad Deif, mientras en Beirut y Teher\u00e1n se llevaron a cabo los funerales de otros dos l\u00edderes de grupos militares respaldados por Ir\u00e1n, asesinados en las dos \u00faltimas semanas. \u00c1ngela Gonz\u00e1lez nos amplia.<\/p>\n<div class=\"venep-after-content venep-entity-placement\" id=\"venep-1375141598\"><div id=\"venep-2123642558\"><script async src=\"https:\/\/pagead2.googlesyndication.com\/pagead\/js\/adsbygoogle.js?client=ca-pub-5862940809620110\"\r\n     crossorigin=\"anonymous\"><\/script>\r\n<ins class=\"adsbygoogle\"\r\n     style=\"display:block\"\r\n     data-ad-format=\"fluid\"\r\n     data-ad-layout-key=\"-6t+ed+2i-1n-4w\"\r\n     data-ad-client=\"ca-pub-5862940809620110\"\r\n     data-ad-slot=\"7946604715\"><\/ins>\r\n<script>\r\n     (adsbygoogle = window.adsbygoogle || []).push({});\r\n<\/script><\/div><\/div>","protected":false},"excerpt":{"rendered":"<p>Eliminados tres l\u00edderes de Ham\u00e1s y Hezbol\u00e1 en dos semanasIsrael confirm\u00f3 la eliminaci\u00f3n del jefe del ala militar de Ham\u00e1s, Muhamad Deif, mientras en Beirut y Teher\u00e1n se llevaron a cabo los funerales de otros dos l\u00edderes de grupos militares respaldados por Ir\u00e1n, asesinados en las dos \u00faltimas semanas. \u00c1ngela Gonz\u00e1lez nos amplia.<\/p>\n","protected":false},"author":1287,"featured_media":63470,"comment_status":"open","ping_status":"open","sticky":false,"template":"","format":"video","meta":{"footnotes":""},"categories":[93],"tags":[],"class_list":["post-63469","post","type-post","status-publish","format-video","has-post-thumbnail","hentry","category-multimedia","post_format-post-format-video"],"_links":{"self":[{"href":"https:\/\/veneportal.com\/noticias\/wp-json\/wp\/v2\/posts\/63469","targetHints":{"allow":["GET"]}}],"collection":[{"href":"https:\/\/veneportal.com\/noticias\/wp-json\/wp\/v2\/posts"}],"about":[{"href":"https:\/\/veneportal.com\/noticias\/wp-json\/wp\/v2\/types\/post"}],"author":[{"embeddable":true,"href":"https:\/\/veneportal.com\/noticias\/wp-json\/wp\/v2\/users\/1287"}],"replies":[{"embeddable":true,"href":"https:\/\/veneportal.com\/noticias\/wp-json\/wp\/v2\/comments?post=63469"}],"version-history":[{"count":0,"href":"https:\/\/veneportal.com\/noticias\/wp-json\/wp\/v2\/posts\/63469\/revisions"}],"wp:featuredmedia":[{"embeddable":true,"href":"https:\/\/veneportal.com\/noticias\/wp-json\/wp\/v2\/media\/63470"}],"wp:attachment":[{"href":"https:\/\/veneportal.com\/noticias\/wp-json\/wp\/v2\/media?parent=63469"}],"wp:term":[{"taxonomy":"category","embeddable":true,"href":"https:\/\/veneportal.com\/noticias\/wp-json\/wp\/v2\/categories?post=63469"},{"taxonomy":"post_tag","embeddable":true,"href":"https:\/\/veneportal.com\/noticias\/wp-json\/wp\/v2\/tags?post=63469"}],"curies":[{"name":"wp","href":"https:\/\/api.w.org\/{rel}","templated":true}]}}