{"id":63465,"date":"2024-08-01T12:02:07","date_gmt":"2024-08-01T16:02:07","guid":{"rendered":"https:\/\/veneportal.com\/noticias\/2024\/08\/01\/iran-acoge-funeral-del-lider-politico-de-hamas\/"},"modified":"2024-08-01T12:02:07","modified_gmt":"2024-08-01T16:02:07","slug":"iran-acoge-funeral-del-lider-politico-de-hamas","status":"publish","type":"post","link":"https:\/\/veneportal.com\/noticias\/2024\/08\/01\/iran-acoge-funeral-del-lider-politico-de-hamas\/","title":{"rendered":"Ir\u00e1n acoge funeral del l\u00edder pol\u00edtico de Ham\u00e1s"},"content":{"rendered":"<p>Miles de personas participaron en el funeral del l\u00edder pol\u00edtico del movimiento islamista palestino Ham\u00e1s, Ismail Haniyeh, en Teher\u00e1n, capital de Ir\u00e1n. Israel no ha reivindicado el ataque mort\u00edfero.Los funerales por el jefe del bur\u00f3 pol\u00edtico del grupo islamista terrorista Ham\u00e1s, Ismail Haniyeh, fallecido ayer en un ataque en Teher\u00e1n que se atribuye a Israel, se iniciaron este jueves (01.08.2024) con las oraciones a cargo del l\u00edder de la Revoluci\u00f3n Isl\u00e1mica iran\u00ed, ayatol\u00e1 Seyyed Ali Jamenei, donde miles de personas se dieron cita reclamando venganza.<\/p>\n<p>Seg\u00fan informan medios locales, la ceremonia se celebra en la Universidad de Teher\u00e1n, donde Jamenei ha rendido homenaje al l\u00edder de Ham\u00e1s y a su guardaespaldas, identificado como Wasim Abu Shaaban, y que tambi\u00e9n falleci\u00f3 en el ataque.<\/p>\n<p>El medio iran\u00ed PressTv asegur\u00f3 que una multitud de iran\u00edes participaron en el cortejo f\u00fanebre por el dirigente de Ham\u00e1s asesinado.<\/p>\n<p>Haniyeh se encontraba en la capital iran\u00ed para asistir el martes a la ceremonia de investidura del reci\u00e9n elegido presidente de Ir\u00e1n, Masoud Pezeshkian, donde estuvo acompa\u00f1ado por otros dirigentes de pa\u00edses amigos de Ir\u00e1n.<\/p>\n<p>Jamene\u00ed ha presidido la oraci\u00f3n ante el ata\u00fad del l\u00edder de Ham\u00e1s cubierto con la bandera palestina. Al evento asistieron tambi\u00e9n altos cargos militares iran\u00edes y de la Resistencia.<\/p>\n<p>Seg\u00fan PressTv, aunque a\u00fan no se conocen los detalles del ataque que acab\u00f3 con la vida del dirigente islamista, la investigaci\u00f3n preliminar iniciada por Ir\u00e1n apunta a al papel directo del r\u00e9gimen israel\u00ed con la aquiescencia de la administraci\u00f3n estadounidense de Joe Biden.<\/p>\n<p>Israel no ha reivindicado este ataque que tambi\u00e9n le achacan otros pa\u00edses aliados de Ir\u00e1n.<\/p>\n<p>ee (efe, afp)<\/p>\n<div class=\"venep-after-content venep-entity-placement\" id=\"venep-1315434262\"><div id=\"venep-876448498\"><a href=\"https:\/\/veneportal.com\/directorio\/post-an-ad\/\" aria-label=\"directorio de negocios veneportal\"><img src=\"https:\/\/veneportal.com\/noticias\/wp-content\/uploads\/sites\/2\/2021\/03\/manolo-600X400.png\" alt=\"directorio de negocios veneportal\"  srcset=\"https:\/\/veneportal.com\/noticias\/wp-content\/uploads\/sites\/2\/2021\/03\/manolo-600X400.png 600w, https:\/\/veneportal.com\/noticias\/wp-content\/uploads\/sites\/2\/2021\/03\/manolo-600X400-300x200.png 300w, https:\/\/veneportal.com\/noticias\/wp-content\/uploads\/sites\/2\/2021\/03\/manolo-600X400-450x300.png 450w\" sizes=\"(max-width: 600px) 100vw, 600px\" width=\"600\" height=\"400\"   \/><\/a><\/div><\/div>","protected":false},"excerpt":{"rendered":"<p>Miles de personas participaron en el funeral del l\u00edder pol\u00edtico del movimiento islamista palestino Ham\u00e1s, Ismail Haniyeh, en Teher\u00e1n, capital de Ir\u00e1n. Israel no ha reivindicado el ataque mort\u00edfero.Los funerales&hellip; <\/p>\n","protected":false},"author":505,"featured_media":63466,"comment_status":"open","ping_status":"open","sticky":false,"template":"","format":"standard","meta":{"footnotes":""},"categories":[85],"tags":[],"class_list":["post-63465","post","type-post","status-publish","format-standard","has-post-thumbnail","hentry","category-politica"],"_links":{"self":[{"href":"https:\/\/veneportal.com\/noticias\/wp-json\/wp\/v2\/posts\/63465","targetHints":{"allow":["GET"]}}],"collection":[{"href":"https:\/\/veneportal.com\/noticias\/wp-json\/wp\/v2\/posts"}],"about":[{"href":"https:\/\/veneportal.com\/noticias\/wp-json\/wp\/v2\/types\/post"}],"author":[{"embeddable":true,"href":"https:\/\/veneportal.com\/noticias\/wp-json\/wp\/v2\/users\/505"}],"replies":[{"embeddable":true,"href":"https:\/\/veneportal.com\/noticias\/wp-json\/wp\/v2\/comments?post=63465"}],"version-history":[{"count":0,"href":"https:\/\/veneportal.com\/noticias\/wp-json\/wp\/v2\/posts\/63465\/revisions"}],"wp:featuredmedia":[{"embeddable":true,"href":"https:\/\/veneportal.com\/noticias\/wp-json\/wp\/v2\/media\/63466"}],"wp:attachment":[{"href":"https:\/\/veneportal.com\/noticias\/wp-json\/wp\/v2\/media?parent=63465"}],"wp:term":[{"taxonomy":"category","embeddable":true,"href":"https:\/\/veneportal.com\/noticias\/wp-json\/wp\/v2\/categories?post=63465"},{"taxonomy":"post_tag","embeddable":true,"href":"https:\/\/veneportal.com\/noticias\/wp-json\/wp\/v2\/tags?post=63465"}],"curies":[{"name":"wp","href":"https:\/\/api.w.org\/{rel}","templated":true}]}}