{"id":63463,"date":"2024-08-01T12:02:07","date_gmt":"2024-08-01T16:02:07","guid":{"rendered":"https:\/\/veneportal.com\/noticias\/2024\/08\/01\/israel-confirma-la-muerte-del-lider-militar-de-hamas\/"},"modified":"2024-08-01T12:02:07","modified_gmt":"2024-08-01T16:02:07","slug":"israel-confirma-la-muerte-del-lider-militar-de-hamas","status":"publish","type":"post","link":"https:\/\/veneportal.com\/noticias\/2024\/08\/01\/israel-confirma-la-muerte-del-lider-militar-de-hamas\/","title":{"rendered":"Israel confirma la muerte del l\u00edder militar de Ham\u00e1s"},"content":{"rendered":"<p>El Ej\u00e9rcito israel\u00ed confirm\u00f3 la muerte de Mohammed Deif, el jefe del ala militar de Ham\u00e1s, en un ataque en el sur de la Franja de Gaza, el pasado 13 de julio, en el que murieron 90 palestinos.El ej\u00e9rcito israel\u00ed anunci\u00f3 este jueves (01.08.2024) que el jefe militar del movimiento terrorista islamista palestino Ham\u00e1s, Mohammed Deif, muri\u00f3 en un bombardeo de las fuerzas israel\u00edes en julio en Jan Yunis, en el sur de la Franja de Gaza.<\/p>\n<p>El anuncio llega apenas un d\u00eda despu\u00e9s de la muerte en Teher\u00e1n del l\u00edder pol\u00edtico del movimiento palestino, Ismail Haniyeh, en un ataque que Ir\u00e1n y Ham\u00e1s atribuyeron a Israel.<\/p>\n<p>&#8220;Las FDI [Fuerzas de Defensa de Israel] anunciaron que el 13 de julio de 2024, aviones de combate de las FDI bombardearon la zona de Jan Yunis, y tras una evaluaci\u00f3n de inteligencia, se puede confirmar que Mohammed Deif fue eliminado en el ataque&#8221;, afirm\u00f3 un comunicado castrense.<\/p>\n<p>&#8220;Deif inici\u00f3, plane\u00f3 y ejecut\u00f3 la masacre del 7 de octubre&#8221;, dijo el ej\u00e9rcito en referencia al ataque de Ham\u00e1s contra el sur de Israel que dej\u00f3 1.197 muertos, seg\u00fan un balance de la AFP en base a los datos oficiales israel\u00edes.<\/p>\n<p>El Ministerio de Sanidad de Gaza, gobernada por Ham\u00e1s, se\u00f1al\u00f3 entonces que un ataque el 13 de julio hab\u00eda matado a m\u00e1s de 90 personas, pero el movimiento islamista neg\u00f3 que su jefe militar estuviera entre las v\u00edctimas.<\/p>\n<p>La presunta bomba de 900 kilos lanzada por las fuerzas israel\u00edes alrededor de la casa donde sospechaban que Deif se hab\u00eda refugiado con uno de sus subalternos dej\u00f3 un cr\u00e1ter enorme.<\/p>\n<p>Como jefe del brazo armado de Ham\u00e1s, las Brigadas Ezzedin al-Qasam, Deif era uno de los hombres m\u00e1s buscados de Israel durante casi tres d\u00e9cadas y figuraba en la lista estadounidense de &#8220;terroristas internacionales&#8221; desde 2015.<\/p>\n<p>ee (efe, afp)<\/p>\n<div class=\"venep-after-content venep-entity-placement\" id=\"venep-2713784671\"><div id=\"venep-1492217474\"><a href=\"https:\/\/www.silverstarfinancialservices.com\/\" aria-label=\"silverstar financial\"><img src=\"https:\/\/veneportal.com\/noticias\/wp-content\/uploads\/sites\/2\/2022\/06\/silverstar-financial-2.png\" alt=\"silverstar financial\"  srcset=\"https:\/\/veneportal.com\/noticias\/wp-content\/uploads\/sites\/2\/2022\/06\/silverstar-financial-2.png 1748w, https:\/\/veneportal.com\/noticias\/wp-content\/uploads\/sites\/2\/2022\/06\/silverstar-financial-2-300x213.png 300w, https:\/\/veneportal.com\/noticias\/wp-content\/uploads\/sites\/2\/2022\/06\/silverstar-financial-2-1024x726.png 1024w, https:\/\/veneportal.com\/noticias\/wp-content\/uploads\/sites\/2\/2022\/06\/silverstar-financial-2-768x545.png 768w, https:\/\/veneportal.com\/noticias\/wp-content\/uploads\/sites\/2\/2022\/06\/silverstar-financial-2-1536x1090.png 1536w, https:\/\/veneportal.com\/noticias\/wp-content\/uploads\/sites\/2\/2022\/06\/silverstar-financial-2-600x426.png 600w\" sizes=\"(max-width: 1748px) 100vw, 1748px\" width=\"559\" height=\"397\"   \/><\/a><\/div><\/div>","protected":false},"excerpt":{"rendered":"<p>El Ej\u00e9rcito israel\u00ed confirm\u00f3 la muerte de Mohammed Deif, el jefe del ala militar de Ham\u00e1s, en un ataque en el sur de la Franja de Gaza, el pasado 13&hellip; <\/p>\n","protected":false},"author":505,"featured_media":63464,"comment_status":"open","ping_status":"open","sticky":false,"template":"","format":"standard","meta":{"footnotes":""},"categories":[85],"tags":[],"class_list":["post-63463","post","type-post","status-publish","format-standard","has-post-thumbnail","hentry","category-politica"],"_links":{"self":[{"href":"https:\/\/veneportal.com\/noticias\/wp-json\/wp\/v2\/posts\/63463","targetHints":{"allow":["GET"]}}],"collection":[{"href":"https:\/\/veneportal.com\/noticias\/wp-json\/wp\/v2\/posts"}],"about":[{"href":"https:\/\/veneportal.com\/noticias\/wp-json\/wp\/v2\/types\/post"}],"author":[{"embeddable":true,"href":"https:\/\/veneportal.com\/noticias\/wp-json\/wp\/v2\/users\/505"}],"replies":[{"embeddable":true,"href":"https:\/\/veneportal.com\/noticias\/wp-json\/wp\/v2\/comments?post=63463"}],"version-history":[{"count":0,"href":"https:\/\/veneportal.com\/noticias\/wp-json\/wp\/v2\/posts\/63463\/revisions"}],"wp:featuredmedia":[{"embeddable":true,"href":"https:\/\/veneportal.com\/noticias\/wp-json\/wp\/v2\/media\/63464"}],"wp:attachment":[{"href":"https:\/\/veneportal.com\/noticias\/wp-json\/wp\/v2\/media?parent=63463"}],"wp:term":[{"taxonomy":"category","embeddable":true,"href":"https:\/\/veneportal.com\/noticias\/wp-json\/wp\/v2\/categories?post=63463"},{"taxonomy":"post_tag","embeddable":true,"href":"https:\/\/veneportal.com\/noticias\/wp-json\/wp\/v2\/tags?post=63463"}],"curies":[{"name":"wp","href":"https:\/\/api.w.org\/{rel}","templated":true}]}}