{"id":62961,"date":"2024-07-20T00:00:08","date_gmt":"2024-07-20T04:00:08","guid":{"rendered":"https:\/\/veneportal.com\/noticias\/2024\/07\/20\/banglades-decreta-toque-de-queda-por-violentas-protestas\/"},"modified":"2024-07-20T00:00:08","modified_gmt":"2024-07-20T04:00:08","slug":"banglades-decreta-toque-de-queda-por-violentas-protestas","status":"publish","type":"post","link":"https:\/\/veneportal.com\/noticias\/2024\/07\/20\/banglades-decreta-toque-de-queda-por-violentas-protestas\/","title":{"rendered":"Banglad\u00e9s decreta toque de queda por violentas protestas"},"content":{"rendered":"<p>Las autoridades adem\u00e1s ordenaron el despliegue del Ej\u00e9rcito luego que se registraran manifestaciones violentas que dejan m\u00e1s de 100 muertos.Banglad\u00e9s decret\u00f3 toque de queda y despleg\u00f3 a los militares para contener una ola de protestas que tom\u00f3 fuerza este viernes (19.07.2024), sin que la polic\u00eda pudiera impedir las marchas, frenar el asalto de una prisi\u00f3n ni sofocar los disturbios que han dejado 105 muertos.<\/p>\n<p>Este pa\u00eds del sur de Asia est\u00e1 agitado por una movilizaci\u00f3n que comenz\u00f3 a principios de julio con protestas de estudiantes contra un sistema de cuotas que reserva m\u00e1s de la mitad de los puestos de la funci\u00f3n p\u00fablica a ciertos sectores de la sociedad, incluidos los hijos de veteranos de la guerra de liberaci\u00f3n de 1971 contra Pakist\u00e1n.<\/p>\n<p>Las manifestaciones derivaron en una movilizaci\u00f3n m\u00e1s amplia que plantea un desaf\u00edo al Gobierno de autocr\u00e1tico de la primera ministra Sheikh Hasina, quien lleva 15 a\u00f1os en el poder.<\/p>\n<p>Los disturbios de esta semana dejaron al menos 105 muertos, seg\u00fan un recuento de AFP basado en v\u00edctimas reportadas por hospitales.<\/p>\n<p>&#8220;El Gobierno decidi\u00f3 imponer toque de queda y desplegar el Ej\u00e9rcito en ayuda de las autoridades civiles&#8221;, declar\u00f3 a la AFP Nayeemul Islam Khan, secretario de prensa de la primera ministra.<\/p>\n<p>El anuncio del Gobierno se produce despu\u00e9s de que la Polic\u00eda de la capital, Daca, tomara la dr\u00e1stica medida de prohibir las reuniones p\u00fablicas, en un esfuerzo por frenar las protestas.<\/p>\n<p>&#8220;Hemos prohibido todas las manifestaciones, procesiones y reuniones p\u00fablicas en Daca hoy&#8221;, dijo el jefe de la polic\u00eda, Habibur Rahman, a AFP, a\u00f1adiendo que la medida era necesaria para garantizar &#8220;la seguridad p\u00fablica&#8221;.<\/p>\n<p>Eso no detuvo otra ronda de enfrentamientos entre la Polic\u00eda y los manifestantes en la extensa megaciudad de 20 millones de habitantes, a pesar de un corte de internet destinado a frustrar la organizaci\u00f3n de las manifestaciones.<\/p>\n<p>&#8220;Nuestra protesta continuar\u00e1&#8221;, dijo Sarwar Tushar, un manifestante que sufri\u00f3 heridas leves durante una protesta en la capital que fue violentamente dispersada por la Polic\u00eda. <\/p>\n<p>La ONU condena la represei\u00f3n<\/p>\n<p>Los manifestantes asaltaron este viernes una c\u00e1rcel en Narsingdi, a 50 kil\u00f3metros de la capital, y liberaron a los reclusos y prendieron fuego al edificio, indic\u00f3 un oficial de polic\u00eda a AFP que habl\u00f3 bajo condici\u00f3n de anonimato. &#8220;No s\u00e9 el n\u00famero de reclusos, pero ser\u00edan cientos&#8221;, agreg\u00f3 el agente.<\/p>\n<p>El Alto Comisionado de Naciones Unidas para los Derechos Humanos, Volker T\u00fcrk, conden\u00f3 la represi\u00f3n, calificando los ataques de &#8220;particularmente chocantes e inaceptables&#8221;.<\/p>\n<p>Al menos 52 personas murieron el viernes en Daca, seg\u00fan una lista consultada por AFP en el hospital universitario de la ciudad.<\/p>\n<p>El fuego policial fue la causa de m\u00e1s de dos tercios de las muertes reportadas esta semana, seg\u00fan los testimonios del personal del hospital.<\/p>\n<p>La fuerza policial de la capital inform\u00f3 anteriormente que los manifestantes incendiaron, vandalizado y emprendieron &#8220;actividades destructivas&#8221; en numerosas comisarias y oficinas del Gobierno el jueves.<\/p>\n<p>Entre ellas se encontraba la sede de la televisi\u00f3n estatal Bangladesh Television en Daca, que sigue fuera de l\u00ednea despu\u00e9s de que cientos de estudiantes indignados asaltaran las instalaciones y prendieron fuego a un edificio.<\/p>\n<p>&#8220;Unos 100 polic\u00edas resultaron heridos en los enfrentamientos&#8221;, subray\u00f3 el portavoz de la polic\u00eda metropolitana de Daca, Faruk Hossain. &#8220;Alrededor de 50 casetas policiales fueron quemadas&#8221;, destac\u00f3.<\/p>\n<p>Los estudiantes iniciaron la movilizaci\u00f3n ya que consideran que el sistema de cuotas actual favorece a los hijos de los grupos que apoyan a la primera ministra, pero los disturbios se han extendido a gran parte del pa\u00eds.<\/p>\n<p>mg (afp, AP)<\/p>\n<div class=\"venep-after-content venep-entity-placement\" id=\"venep-3045295792\"><div id=\"venep-2640554064\"><script async src=\"https:\/\/pagead2.googlesyndication.com\/pagead\/js\/adsbygoogle.js?client=ca-pub-5862940809620110\"\r\n     crossorigin=\"anonymous\"><\/script>\r\n<ins class=\"adsbygoogle\"\r\n     style=\"display:block\"\r\n     data-ad-format=\"fluid\"\r\n     data-ad-layout-key=\"-6t+ed+2i-1n-4w\"\r\n     data-ad-client=\"ca-pub-5862940809620110\"\r\n     data-ad-slot=\"7946604715\"><\/ins>\r\n<script>\r\n     (adsbygoogle = window.adsbygoogle || []).push({});\r\n<\/script><\/div><\/div>","protected":false},"excerpt":{"rendered":"<p>Las autoridades adem\u00e1s ordenaron el despliegue del Ej\u00e9rcito luego que se registraran manifestaciones violentas que dejan m\u00e1s de 100 muertos.Banglad\u00e9s decret\u00f3 toque de queda y despleg\u00f3 a los militares para&hellip; <\/p>\n","protected":false},"author":505,"featured_media":62962,"comment_status":"open","ping_status":"open","sticky":false,"template":"","format":"standard","meta":{"footnotes":""},"categories":[85],"tags":[],"class_list":["post-62961","post","type-post","status-publish","format-standard","has-post-thumbnail","hentry","category-politica"],"_links":{"self":[{"href":"https:\/\/veneportal.com\/noticias\/wp-json\/wp\/v2\/posts\/62961","targetHints":{"allow":["GET"]}}],"collection":[{"href":"https:\/\/veneportal.com\/noticias\/wp-json\/wp\/v2\/posts"}],"about":[{"href":"https:\/\/veneportal.com\/noticias\/wp-json\/wp\/v2\/types\/post"}],"author":[{"embeddable":true,"href":"https:\/\/veneportal.com\/noticias\/wp-json\/wp\/v2\/users\/505"}],"replies":[{"embeddable":true,"href":"https:\/\/veneportal.com\/noticias\/wp-json\/wp\/v2\/comments?post=62961"}],"version-history":[{"count":0,"href":"https:\/\/veneportal.com\/noticias\/wp-json\/wp\/v2\/posts\/62961\/revisions"}],"wp:featuredmedia":[{"embeddable":true,"href":"https:\/\/veneportal.com\/noticias\/wp-json\/wp\/v2\/media\/62962"}],"wp:attachment":[{"href":"https:\/\/veneportal.com\/noticias\/wp-json\/wp\/v2\/media?parent=62961"}],"wp:term":[{"taxonomy":"category","embeddable":true,"href":"https:\/\/veneportal.com\/noticias\/wp-json\/wp\/v2\/categories?post=62961"},{"taxonomy":"post_tag","embeddable":true,"href":"https:\/\/veneportal.com\/noticias\/wp-json\/wp\/v2\/tags?post=62961"}],"curies":[{"name":"wp","href":"https:\/\/api.w.org\/{rel}","templated":true}]}}