{"id":62893,"date":"2024-07-19T01:00:47","date_gmt":"2024-07-19T05:00:47","guid":{"rendered":"https:\/\/veneportal.com\/noticias\/2024\/07\/19\/yael-braun-pivet-la-candidata-de-macron-reelegida-presidenta-de-la-camara-baja-en-francia\/"},"modified":"2024-07-19T01:00:47","modified_gmt":"2024-07-19T05:00:47","slug":"yael-braun-pivet-la-candidata-de-macron-reelegida-presidenta-de-la-camara-baja-en-francia","status":"publish","type":"post","link":"https:\/\/veneportal.com\/noticias\/2024\/07\/19\/yael-braun-pivet-la-candidata-de-macron-reelegida-presidenta-de-la-camara-baja-en-francia\/","title":{"rendered":"Yael Braun-Pivet, la candidata de Macron, reelegida presidenta de la c\u00e1mara baja en Francia"},"content":{"rendered":"<p>La candidata del presidente franc\u00e9s, Emmanuel Macron, fue reelegida para presidir la Asamblea Nacional con 220 votos. El resultado entrega un primer vistazo a las posibles alianzas entre los partidos franceses.Los diputados franceses reeligieron este jueves (18.07.2024) a Yael Braun-Pivet, la candidata del presidente Emmanuel Macron, para presidir la Asamblea Nacional, la c\u00e1mara baja, fragmentada en tres grandes bloques tras las elecciones legislativas anticipadas en las que ning\u00fan partido consigui\u00f3 la mayor\u00eda absoluta.<\/p>\n<p>La votaci\u00f3n estuvo precedida por intensas negociaciones entre los partidos pol\u00edticos, en un ambiente crispado, cuando Francia se prepara a acoger los Juegos Ol\u00edmpicos que comienzan el 26 de julio.<\/p>\n<p>Braun-Pivet fue reelegida con 220 votos, frente al candidato comunista Andr\u00e9 Chassaigne de la alianza de izquierda Nuevo Frente Popular (NFP), que tuvo 207 votos, y al de la ultraderecha S\u00e9bastien Chenu (141 votos).<\/p>\n<p>El resultado de la votaci\u00f3n es clave porque da un primer vistazo a las alianzas que podr\u00edan crearse entre los partidos para formar una mayor\u00eda y, por lo tanto, influir en la formaci\u00f3n de un nuevo gobierno.<\/p>\n<p>Macron hab\u00eda disuelto la Asamblea Nacional y convoc\u00f3 de manera anticipada elecciones legislativas despu\u00e9s de la victoria de la ultraderecha francesa en las elecciones europeas del 9 de junio.<\/p>\n<p>Los comicios legislativos dejaron al NFP -alianza que incluye a socialistas, comunistas, ecologistas y la formaci\u00f3n de izquierda radical de La Francia Insumisa (LFI)- en primer lugar con 193 diputados, pero lejos de la mayor\u00eda absoluta de 289 esca\u00f1os. Despu\u00e9s se situ\u00f3 la alianza de centroderecha de Macron (164 esca\u00f1os) y la extrema derecha obtuvo 143 diputados.<\/p>\n<p>El cargo de presidente de la Asamblea Nacional consiste sobre todo en organizar y moderar los debates, pero como cuarta personalidad m\u00e1s importante del pa\u00eds goza adem\u00e1s de algunos poderes constitucionales clave.<\/p>\n<p>El NFP, pese a quedar en primer lugar en la segunda vuelta, no ha logrado acordar un candidato de consenso para el cargo de primer ministro debido a las diferencias entre La Francia Insumisa, que es la principal fuerza, y los socialistas.<\/p>\n<p>JU (afp, efe)<\/p>\n<div class=\"venep-after-content venep-entity-placement\" id=\"venep-1308415672\"><div id=\"venep-1987946929\"><a href=\"https:\/\/veneportal.com\/clasificados\/listing\/nativoapparel\/\" aria-label=\"nativo apparel\"><img src=\"https:\/\/veneportal.com\/noticias\/wp-content\/uploads\/sites\/2\/2021\/07\/5.png\" alt=\"nativo apparel\"  width=\"300\" height=\"250\"   \/><\/a><\/div><\/div>","protected":false},"excerpt":{"rendered":"<p>La candidata del presidente franc\u00e9s, Emmanuel Macron, fue reelegida para presidir la Asamblea Nacional con 220 votos. El resultado entrega un primer vistazo a las posibles alianzas entre los partidos&hellip; <\/p>\n","protected":false},"author":505,"featured_media":62894,"comment_status":"open","ping_status":"open","sticky":false,"template":"","format":"standard","meta":{"footnotes":""},"categories":[85],"tags":[],"class_list":["post-62893","post","type-post","status-publish","format-standard","has-post-thumbnail","hentry","category-politica"],"_links":{"self":[{"href":"https:\/\/veneportal.com\/noticias\/wp-json\/wp\/v2\/posts\/62893","targetHints":{"allow":["GET"]}}],"collection":[{"href":"https:\/\/veneportal.com\/noticias\/wp-json\/wp\/v2\/posts"}],"about":[{"href":"https:\/\/veneportal.com\/noticias\/wp-json\/wp\/v2\/types\/post"}],"author":[{"embeddable":true,"href":"https:\/\/veneportal.com\/noticias\/wp-json\/wp\/v2\/users\/505"}],"replies":[{"embeddable":true,"href":"https:\/\/veneportal.com\/noticias\/wp-json\/wp\/v2\/comments?post=62893"}],"version-history":[{"count":0,"href":"https:\/\/veneportal.com\/noticias\/wp-json\/wp\/v2\/posts\/62893\/revisions"}],"wp:featuredmedia":[{"embeddable":true,"href":"https:\/\/veneportal.com\/noticias\/wp-json\/wp\/v2\/media\/62894"}],"wp:attachment":[{"href":"https:\/\/veneportal.com\/noticias\/wp-json\/wp\/v2\/media?parent=62893"}],"wp:term":[{"taxonomy":"category","embeddable":true,"href":"https:\/\/veneportal.com\/noticias\/wp-json\/wp\/v2\/categories?post=62893"},{"taxonomy":"post_tag","embeddable":true,"href":"https:\/\/veneportal.com\/noticias\/wp-json\/wp\/v2\/tags?post=62893"}],"curies":[{"name":"wp","href":"https:\/\/api.w.org\/{rel}","templated":true}]}}