{"id":62756,"date":"2024-07-16T12:00:07","date_gmt":"2024-07-16T16:00:07","guid":{"rendered":"https:\/\/veneportal.com\/noticias\/2024\/07\/16\/washington-considera-inaceptablemente-alto-el-numero-de-muertos-en-gaza\/"},"modified":"2024-07-16T12:00:07","modified_gmt":"2024-07-16T16:00:07","slug":"washington-considera-inaceptablemente-alto-el-numero-de-muertos-en-gaza","status":"publish","type":"post","link":"https:\/\/veneportal.com\/noticias\/2024\/07\/16\/washington-considera-inaceptablemente-alto-el-numero-de-muertos-en-gaza\/","title":{"rendered":"Washington considera &#8220;inaceptablemente alto&#8221; el n\u00famero de muertos en Gaza"},"content":{"rendered":"<p>Estados Unidos muestra a altos cargos de Israel su &#8220;grave preocupaci\u00f3n por las recientes v\u00edctimas civiles&#8221;. Ham\u00e1s ayer volvi\u00f3 a elevar la cifra de muertos y acus\u00f3 a los estadounidenses de &#8220;c\u00f3mplices&#8221; en el &#8220;genocidio&#8221;.El secretario de Estado de Estados Unidos, Antony Blinken, dijo ayer a dos altos cargos israel\u00edes que el n\u00famero de v\u00edctimas civiles por su operaci\u00f3n en Gaza era &#8220;inaceptablemente alto&#8221;, se\u00f1al\u00f3 este martes (16.07.2024) su portavoz. Blinken recibi\u00f3 en Washington al ministro de Relaciones Estrat\u00e9gicas de Israel, Ron Dermer, y al asesor de seguridad nacional Tzachi Hanegbi y les comunic\u00f3 su &#8220;grave preocupaci\u00f3n por las recientes v\u00edctimas civiles en Gaza&#8221;, dijo el portavoz del Departamento de Estado, Matthew Miller.<\/p>\n<p>El n\u00famero de v\u00edctimas civiles &#8220;es todav\u00eda inaceptablemente alto. Continuamos viendo demasiados civiles muertos en este conflicto&#8221;, a\u00f1adi\u00f3. Blinken discuti\u00f3 con los funcionarios israel\u00edes las conversaciones en curso para un acuerdo de alto el fuego con la organizaci\u00f3n islamista palestina Ham\u00e1s, considerada una organizaci\u00f3n terrorista tanto por Estados Unidos como por Israel. Hanegbi y Dermer confirmaron en la reuni\u00f3n que Israel todav\u00eda est\u00e1 comprometido a alcanzar un acuerdo en los t\u00e9rminos establecidos por el presidente Joe Biden el 31 de mayo.<\/p>\n<p>Ayer publicaron un nuevo recuento de los palestinos muertos en Gaza desde el inicio de la guerra: 38.600 personas han perdido la vida en la Franja y 89.000 han resultado heridas, seg\u00fan el Ministerio de Sanidad del enclave palestino. Ham\u00e1s responsabiliz\u00f3 &#8220;legal y moralmente&#8221; a Estados Unidos del &#8220;genocidio&#8221; que Israel, seg\u00fan ellos, comete con armas estadounidenses en el enclave palestino, en un comunicado en el que acus\u00f3 al Gobierno estadounidense de haber causado &#8220;una gran tragedia humana y un da\u00f1o masivo a nuestro pueblo&#8221;.<\/p>\n<p>Los funcionarios israel\u00edes no pudieron confirmar a Blinken si Mohamed Deif, el n\u00famero dos de Ham\u00e1s, objetivo del ataque que el s\u00e1bado mat\u00f3 a m\u00e1s de noventa personas en Mawasi, hab\u00eda muerto en el bombardeo. Israel s\u00ed confirm\u00f3 la muerte de otro alto cargo en ese ataque. La visita de Hanegbi y Dermer llega pocos d\u00edas antes de que el primer ministro israel\u00ed, Benjam\u00edn Netanyahu, viaje a Washington para dirigirse al Congreso estadounidense el pr\u00f3ximo 24 de julio.<\/p>\n<p>El Ej\u00e9rcito israel\u00ed llev\u00f3 a cabo una redada este martes en la localidad de Al Bireh, en el centro de Cisjordania, en la que muri\u00f3 al menos un palestino de 20 a\u00f1os, seg\u00fan inform\u00f3 la agencia local de noticias Wafa. A lo largo de la noche y las primeras horas de la ma\u00f1ana, los militares llevaron a cabo otra redada en Tubas (norte), donde detuvieron a dos personas. Tambi\u00e9n en Cisjordania, tres colonos israel\u00edes resultaron heridos leves por impactos de cristales en un tiroteo cuando se encontraban en su coche cerca del asentamiento de Shavei Shomron.<\/p>\n<p>lgc (afp, rtr, efe)<\/p>\n<div class=\"venep-after-content venep-entity-placement\" id=\"venep-1429207076\"><div id=\"venep-3741683357\"><script async src=\"https:\/\/pagead2.googlesyndication.com\/pagead\/js\/adsbygoogle.js?client=ca-pub-5862940809620110\"\r\n     crossorigin=\"anonymous\"><\/script>\r\n<ins class=\"adsbygoogle\"\r\n     style=\"display:block\"\r\n     data-ad-format=\"fluid\"\r\n     data-ad-layout-key=\"-6t+ed+2i-1n-4w\"\r\n     data-ad-client=\"ca-pub-5862940809620110\"\r\n     data-ad-slot=\"7946604715\"><\/ins>\r\n<script>\r\n     (adsbygoogle = window.adsbygoogle || []).push({});\r\n<\/script><\/div><\/div>","protected":false},"excerpt":{"rendered":"<p>Estados Unidos muestra a altos cargos de Israel su &#8220;grave preocupaci\u00f3n por las recientes v\u00edctimas civiles&#8221;. Ham\u00e1s ayer volvi\u00f3 a elevar la cifra de muertos y acus\u00f3 a los estadounidenses&hellip; <\/p>\n","protected":false},"author":505,"featured_media":62757,"comment_status":"open","ping_status":"open","sticky":false,"template":"","format":"standard","meta":{"footnotes":""},"categories":[85],"tags":[],"class_list":["post-62756","post","type-post","status-publish","format-standard","has-post-thumbnail","hentry","category-politica"],"_links":{"self":[{"href":"https:\/\/veneportal.com\/noticias\/wp-json\/wp\/v2\/posts\/62756","targetHints":{"allow":["GET"]}}],"collection":[{"href":"https:\/\/veneportal.com\/noticias\/wp-json\/wp\/v2\/posts"}],"about":[{"href":"https:\/\/veneportal.com\/noticias\/wp-json\/wp\/v2\/types\/post"}],"author":[{"embeddable":true,"href":"https:\/\/veneportal.com\/noticias\/wp-json\/wp\/v2\/users\/505"}],"replies":[{"embeddable":true,"href":"https:\/\/veneportal.com\/noticias\/wp-json\/wp\/v2\/comments?post=62756"}],"version-history":[{"count":0,"href":"https:\/\/veneportal.com\/noticias\/wp-json\/wp\/v2\/posts\/62756\/revisions"}],"wp:featuredmedia":[{"embeddable":true,"href":"https:\/\/veneportal.com\/noticias\/wp-json\/wp\/v2\/media\/62757"}],"wp:attachment":[{"href":"https:\/\/veneportal.com\/noticias\/wp-json\/wp\/v2\/media?parent=62756"}],"wp:term":[{"taxonomy":"category","embeddable":true,"href":"https:\/\/veneportal.com\/noticias\/wp-json\/wp\/v2\/categories?post=62756"},{"taxonomy":"post_tag","embeddable":true,"href":"https:\/\/veneportal.com\/noticias\/wp-json\/wp\/v2\/tags?post=62756"}],"curies":[{"name":"wp","href":"https:\/\/api.w.org\/{rel}","templated":true}]}}