{"id":62699,"date":"2024-07-16T00:02:08","date_gmt":"2024-07-16T04:02:08","guid":{"rendered":"https:\/\/veneportal.com\/noticias\/2024\/07\/16\/madrid-se-viste-de-rojo-para-recibir-a-campeones-de-europa\/"},"modified":"2024-07-16T00:02:08","modified_gmt":"2024-07-16T04:02:08","slug":"madrid-se-viste-de-rojo-para-recibir-a-campeones-de-europa","status":"publish","type":"post","link":"https:\/\/veneportal.com\/noticias\/2024\/07\/16\/madrid-se-viste-de-rojo-para-recibir-a-campeones-de-europa\/","title":{"rendered":"Madrid se viste de rojo para recibir a campeones de Europa"},"content":{"rendered":"<p>El Rey en la Zarzuela, el jefe del Gobierno en la Moncloa y millares de aficionados en la Plaza de Cibeles celebraron con la Selecci\u00f3n la cuarta Eurocopa de Espa\u00f1a.Un d\u00eda despu\u00e9s de convertirse en Berl\u00edn en campeona de Europa por cuarta vez en su historia, la selecci\u00f3n espa\u00f1ola de f\u00fatbol se dio un ba\u00f1o de gloria por las calles de Madrid, con un multitudinario recibimiento este lunes (15.07.2024) por parte de decenas de miles de aficionados en la Plaza de Cibeles.<\/p>\n<p>Un escenario situado a los pies del Palacio de Comunicaciones, sede del ayuntamiento de la capital de Espa\u00f1a, fue el punto final del recorrido de los internacionales despu\u00e9s de una intensa jornada.<\/p>\n<p>El &#8216;We are the Champions&#8217; de Queen fue la guinda a un inolvidable lunes de celebraciones que arranc\u00f3 en Berl\u00edn, ciudad donde el equipo conquist\u00f3 la Eurocopa y desde la que despeg\u00f3 a las 12:20 horas de la ma\u00f1ana rumbo al aeropuerto Adolfo Su\u00e1rez Madrid-Barajas, que les recibi\u00f3 en torno a las 15:00 horas.<\/p>\n<p>En la pista de aterrizaje se produjo una de las im\u00e1genes m\u00e1s esperadas, la de la primera fotograf\u00eda del trofeo en Espa\u00f1a para la que posaron el capit\u00e1n \u00c1lvaro Morata; el seleccionador Luis de la Fuente; y el presidente de la Real Federaci\u00f3n Espa\u00f1ola de F\u00fatbol (RFEF), Pedro Rocha.<\/p>\n<p>Posteriormente todos los integrantes de la expedici\u00f3n, se dirigieron a descansar en autob\u00fas para afrontar la que iba a ser una intensa agenda vespertina.Esta empez\u00f3 en torno a las 18:45 horas en el Palacio de la Zarzuela, donde fueron recibidos por el rey de Espa\u00f1a, Felipe VI y su familia, y luego al Palacio de la Moncloa, donde les esperaba el presidente del Gobierno, Pedro S\u00e1nchez.<\/p>\n<p>Esa parada fue el paso previo al fin de fiesta, antes del cual se realiz\u00f3 un recorrido en autob\u00fas descapotado entre multitud de seguidores que pas\u00f3 por zonas destacadas de la capital de Espa\u00f1a como Moncloa; la calle Alberto Aguilera; la Glorieta de San Bernardo; la Plaza de Col\u00f3n o la Puerta de Alcal\u00e1.<\/p>\n<p>jc (efe, ABC)<\/p>\n<div class=\"venep-after-content venep-entity-placement\" id=\"venep-3215234385\"><div id=\"venep-2120925375\"><a href=\"https:\/\/veneportal.com\/precios-publicidad-para-mi-negocio\/#premium\" aria-label=\"300&#215;250 Banners your door to the hispanic market\"><img src=\"https:\/\/veneportal.com\/noticias\/wp-content\/uploads\/sites\/2\/2021\/03\/300x250-Banners-your-door-to-the-hispanic-market.png\" alt=\"\"  srcset=\"https:\/\/veneportal.com\/noticias\/wp-content\/uploads\/sites\/2\/2021\/03\/300x250-Banners-your-door-to-the-hispanic-market.png 900w, https:\/\/veneportal.com\/noticias\/wp-content\/uploads\/sites\/2\/2021\/03\/300x250-Banners-your-door-to-the-hispanic-market-300x250.png 300w, https:\/\/veneportal.com\/noticias\/wp-content\/uploads\/sites\/2\/2021\/03\/300x250-Banners-your-door-to-the-hispanic-market-768x640.png 768w, https:\/\/veneportal.com\/noticias\/wp-content\/uploads\/sites\/2\/2021\/03\/300x250-Banners-your-door-to-the-hispanic-market-600x500.png 600w\" sizes=\"(max-width: 900px) 100vw, 900px\" width=\"600\" height=\"400\"   \/><\/a><\/div><\/div>","protected":false},"excerpt":{"rendered":"<p>El Rey en la Zarzuela, el jefe del Gobierno en la Moncloa y millares de aficionados en la Plaza de Cibeles celebraron con la Selecci\u00f3n la cuarta Eurocopa de Espa\u00f1a.Un&hellip; <\/p>\n","protected":false},"author":505,"featured_media":62700,"comment_status":"open","ping_status":"open","sticky":false,"template":"","format":"standard","meta":{"footnotes":""},"categories":[85],"tags":[],"class_list":["post-62699","post","type-post","status-publish","format-standard","has-post-thumbnail","hentry","category-politica"],"_links":{"self":[{"href":"https:\/\/veneportal.com\/noticias\/wp-json\/wp\/v2\/posts\/62699","targetHints":{"allow":["GET"]}}],"collection":[{"href":"https:\/\/veneportal.com\/noticias\/wp-json\/wp\/v2\/posts"}],"about":[{"href":"https:\/\/veneportal.com\/noticias\/wp-json\/wp\/v2\/types\/post"}],"author":[{"embeddable":true,"href":"https:\/\/veneportal.com\/noticias\/wp-json\/wp\/v2\/users\/505"}],"replies":[{"embeddable":true,"href":"https:\/\/veneportal.com\/noticias\/wp-json\/wp\/v2\/comments?post=62699"}],"version-history":[{"count":0,"href":"https:\/\/veneportal.com\/noticias\/wp-json\/wp\/v2\/posts\/62699\/revisions"}],"wp:featuredmedia":[{"embeddable":true,"href":"https:\/\/veneportal.com\/noticias\/wp-json\/wp\/v2\/media\/62700"}],"wp:attachment":[{"href":"https:\/\/veneportal.com\/noticias\/wp-json\/wp\/v2\/media?parent=62699"}],"wp:term":[{"taxonomy":"category","embeddable":true,"href":"https:\/\/veneportal.com\/noticias\/wp-json\/wp\/v2\/categories?post=62699"},{"taxonomy":"post_tag","embeddable":true,"href":"https:\/\/veneportal.com\/noticias\/wp-json\/wp\/v2\/tags?post=62699"}],"curies":[{"name":"wp","href":"https:\/\/api.w.org\/{rel}","templated":true}]}}