{"id":60522,"date":"2024-06-02T12:00:07","date_gmt":"2024-06-02T16:00:07","guid":{"rendered":"https:\/\/veneportal.com\/noticias\/2024\/06\/02\/un-asesinato-politico-que-sacudio-a-alemania\/"},"modified":"2024-06-02T12:00:07","modified_gmt":"2024-06-02T16:00:07","slug":"un-asesinato-politico-que-sacudio-a-alemania","status":"publish","type":"post","link":"https:\/\/veneportal.com\/noticias\/2024\/06\/02\/un-asesinato-politico-que-sacudio-a-alemania\/","title":{"rendered":"Un asesinato pol\u00edtico que sacudi\u00f3 a Alemania"},"content":{"rendered":"<p>El asesinato del conservador Walter L\u00fcbcke a manos de un agresor de extrema derecha en 2019 fue el primer asesinato pol\u00edtico del pa\u00eds en d\u00e9cadas. Su repercusi\u00f3n sigue vigente hoy en d\u00eda.El 2 de junio de 2019, Walter L\u00fcbcke, de 65 a\u00f1os, estaba sentado tranquilamente en su jard\u00edn cuando un extremista de derecha le dispar\u00f3 en la cabeza a quemarropa. El asesinato conmocion\u00f3 a todo el pa\u00eds.<\/p>\n<p>El autor, Stephan E.*, declar\u00f3 m\u00e1s tarde que su motivo era castigar al pol\u00edtico de la Uni\u00f3n Cristiano Dem\u00f3crata (CDU), de centroderecha, por su postura favorable a los refugiados.<\/p>\n<p>En 2015, cuando cientos de miles de refugiados llegaron a Alemania, principalmente de Siria y Afganist\u00e1n, L\u00fcbcke apoy\u00f3 las pol\u00edticas de la entonces canciller Angela Merkel e hizo campa\u00f1a para que sus compatriotas mostraran empat\u00eda y acogieran a estas personas.<\/p>\n<p>El 14 de octubre de 2015, L\u00fcbcke, presidente del distrito gubernamental de la ciudad de Kassel, en el estado federado de Hesse, se present\u00f3 en una asamblea municipal en la peque\u00f1a localidad de Lohfelden para explicar a los habitantes locales por qu\u00e9 se estaba instalando un alojamiento para los reci\u00e9n llegados en su comunidad.<\/p>\n<p>Entre la multitud hab\u00eda varios simpatizantes de extrema derecha que comenzaron a abuchear a L\u00fcbcke. Uno de ellos era Stephan E.<\/p>\n<p>En respuesta a una oleada de burlas entre la multitud de varios cientos de personas, L\u00fcbcke sinti\u00f3 que ten\u00eda que hablar en defensa de los valores democr\u00e1ticos de Alemania. &#8220;Vale la pena vivir en este pa\u00eds&#8221;, dijo. &#8220;Tienes que defender tus valores y cualquiera que no los defienda puede irse de este pa\u00eds si no est\u00e1 de acuerdo con ellos. Esa es la libertad que tiene todo ciudadano alem\u00e1n&#8221;.<\/p>\n<p>Un video del discurso fue publicado en redes sociales y se extendi\u00f3 como un incendio entre la extrema derecha alemana. Convirti\u00f3 a L\u00fcbcke en el blanco de sus cr\u00edticas. Cuatro a\u00f1os despu\u00e9s, fue asesinado.<\/p>\n<p>La creciente amenaza de la extrema derecha<\/p>\n<p>El asesinato de L\u00fcbcke fue el primero que se cometi\u00f3 contra un pol\u00edtico electo en el pa\u00eds desde los d\u00edas de la Fracci\u00f3n del Ej\u00e9rcito Rojo (RAF), de extrema izquierda, en los a\u00f1os 1970 y 1980, y el primero cometido por un extremista de derecha desde que los nazis gobernaron Alemania. Fue antes de que salieran a la luz los asesinatos de extrema derecha cometidos por el grupo terrorista NSU.<\/p>\n<p>Florian Hartleb, polit\u00f3logo y autor de Lone Wolves (Lobos solitarios), un libro de 2018 sobre el terrorismo de extrema derecha, afirma que el asesinato de L\u00fcbcke demostr\u00f3 a muchos pol\u00edticos y fuerzas de seguridad que la amenaza neonazi &#8220;hace tiempo que se subestima&#8221;. Lorenz Blumenthaler, activista contra el extremismo de derecha, el racismo y el antisemitismo en la Fundaci\u00f3n Amadeu Antonio, coincide con esta afirmaci\u00f3n.<\/p>\n<p>&#8220;B\u00e1sicamente, no hab\u00edamos vivido nada parecido en Alemania desde la posguerra&#8221;, explica Blumenthaler a DW sobre el asesinato de L\u00fcbcke. &#8220;Y sin embargo, la reacci\u00f3n fue sorprendentemente moderada. Especialmente dentro de su propio partido. Hay que tener en cuenta que un pol\u00edtico conservador fue asesinado aqu\u00ed por un extremista de derecha con una pistola y a sangre fr\u00eda&#8221;, se\u00f1ala.<\/p>\n<p>Blumenthaler recuerda haber notado una discrepancia entre las reacciones en Alemania y en el extranjero en respuesta al asesinato de L\u00fcbcke. &#8220;La atenci\u00f3n de los medios internacionales fue mucho mayor. En Alemania, muchos parecieron desestimarlo como un acto de extrema derecha, mientras que la respuesta internacional fue verlo como un acto de terrorismo de derecha contra el Estado&#8221;, precisa.<\/p>\n<p>No obstante, tras una serie de ataques de extrema derecha, se han tomado medidas. &#8220;En respuesta, las fuerzas de seguridad, incluida la inteligencia nacional, han cambiado su enfoque, que antes estaba m\u00e1s centrado en el extremismo islamista&#8221;, dice Blumenthaler a DW.<\/p>\n<p>La familia de L\u00fcbcke hace un llamado a los pol\u00edticos<\/p>\n<p>Cinco a\u00f1os despu\u00e9s del asesinato de L\u00fcbcke, su familia, compuesta por su esposa y sus dos hijos, public\u00f3 un mensaje dirigido a los pol\u00edticos en el que les pide que no se dejen intimidar por el aumento de los ataques a pol\u00edticos. &#8220;Permanezcan firmes, no se desvien de sus convicciones y actitudes, no est\u00e1n solos&#8221;, se puede leer en el texto, publicado por la agencia de noticias DPA. La familia tambi\u00e9n pide una mayor protecci\u00f3n a los pol\u00edticos.<\/p>\n<p>Konstantin von Notz, abogado y diputado del partido Los Verdes, considera que el mensaje de la familia es una llamada de atenci\u00f3n. &#8220;Las personas que trabajan voluntariamente y a tiempo completo por nuestra democracia y el bien com\u00fan necesitan m\u00e1s apoyo&#8221;, afirma a DW. Asimismo, pide asesoramiento, una mayor presencia policial y una revisi\u00f3n de las normas legales existentes para evitar la publicaci\u00f3n en internet de las direcciones privadas de los pol\u00edticos.<\/p>\n<p>Blumenthaler, por su parte, considera que el umbral de inhibici\u00f3n ha cambiado. &#8220;Cualquier persona que defienda los valores democr\u00e1ticos b\u00e1sicos puede convertirse en un objetivo ambulante&#8221;, asegura.<\/p>\n<p>El n\u00famero de agresiones, especialmente contra pol\u00edticos locales, ha aumentado dr\u00e1sticamente en Alemania en los \u00faltimos cinco a\u00f1os. La Polic\u00eda Criminal Federal afirma que el n\u00famero de delitos contra funcionarios p\u00fablicos y representantes electos se ha triplicado hasta alcanzar los 5.400. (rr\/dzc)<\/p>\n<p>* DW no divulga los nombres completos de los perpetradores para no aumentar su publicidad y la probabilidad de que haya asesinos imitadores.<\/p>\n<div class=\"venep-after-content venep-entity-placement\" id=\"venep-982670988\"><div id=\"venep-480008633\"><script async src=\"https:\/\/pagead2.googlesyndication.com\/pagead\/js\/adsbygoogle.js?client=ca-pub-5862940809620110\"\r\n     crossorigin=\"anonymous\"><\/script>\r\n<ins class=\"adsbygoogle\"\r\n     style=\"display:block\"\r\n     data-ad-format=\"fluid\"\r\n     data-ad-layout-key=\"-6t+ed+2i-1n-4w\"\r\n     data-ad-client=\"ca-pub-5862940809620110\"\r\n     data-ad-slot=\"7946604715\"><\/ins>\r\n<script>\r\n     (adsbygoogle = window.adsbygoogle || []).push({});\r\n<\/script><\/div><\/div>","protected":false},"excerpt":{"rendered":"<p>El asesinato del conservador Walter L\u00fcbcke a manos de un agresor de extrema derecha en 2019 fue el primer asesinato pol\u00edtico del pa\u00eds en d\u00e9cadas. Su repercusi\u00f3n sigue vigente hoy&hellip; <\/p>\n","protected":false},"author":505,"featured_media":60523,"comment_status":"open","ping_status":"open","sticky":false,"template":"","format":"standard","meta":{"footnotes":""},"categories":[85],"tags":[],"class_list":["post-60522","post","type-post","status-publish","format-standard","has-post-thumbnail","hentry","category-politica"],"_links":{"self":[{"href":"https:\/\/veneportal.com\/noticias\/wp-json\/wp\/v2\/posts\/60522","targetHints":{"allow":["GET"]}}],"collection":[{"href":"https:\/\/veneportal.com\/noticias\/wp-json\/wp\/v2\/posts"}],"about":[{"href":"https:\/\/veneportal.com\/noticias\/wp-json\/wp\/v2\/types\/post"}],"author":[{"embeddable":true,"href":"https:\/\/veneportal.com\/noticias\/wp-json\/wp\/v2\/users\/505"}],"replies":[{"embeddable":true,"href":"https:\/\/veneportal.com\/noticias\/wp-json\/wp\/v2\/comments?post=60522"}],"version-history":[{"count":0,"href":"https:\/\/veneportal.com\/noticias\/wp-json\/wp\/v2\/posts\/60522\/revisions"}],"wp:featuredmedia":[{"embeddable":true,"href":"https:\/\/veneportal.com\/noticias\/wp-json\/wp\/v2\/media\/60523"}],"wp:attachment":[{"href":"https:\/\/veneportal.com\/noticias\/wp-json\/wp\/v2\/media?parent=60522"}],"wp:term":[{"taxonomy":"category","embeddable":true,"href":"https:\/\/veneportal.com\/noticias\/wp-json\/wp\/v2\/categories?post=60522"},{"taxonomy":"post_tag","embeddable":true,"href":"https:\/\/veneportal.com\/noticias\/wp-json\/wp\/v2\/tags?post=60522"}],"curies":[{"name":"wp","href":"https:\/\/api.w.org\/{rel}","templated":true}]}}