{"id":59856,"date":"2024-05-19T00:05:42","date_gmt":"2024-05-19T04:05:42","guid":{"rendered":"https:\/\/veneportal.com\/noticias\/2024\/05\/19\/pentecostes\/"},"modified":"2024-06-24T16:23:40","modified_gmt":"2024-06-24T20:23:40","slug":"pentecostes","status":"publish","type":"post","link":"https:\/\/veneportal.com\/noticias\/2024\/05\/19\/pentecostes\/","title":{"rendered":"PENTECOST\u00c9S"},"content":{"rendered":"<h1><strong>PENTECOST\u00c9S<\/strong><\/h1>\n<p style=\"text-align: justify\">Uno de los periodos m\u00e1s importantes del A\u00f1o Lit\u00fargico, es el tiempo de <a href=\"https:\/\/www.bing.com\/ck\/a?!&amp;&amp;p=d73e01980557f196JmltdHM9MTcxNTkwNDAwMCZpZ3VpZD0xODE5ZTk1My05NDcyLTY0OWUtMGU5My1mODhkOTA3MjYyOTAmaW5zaWQ9NTIzNw&amp;ptn=3&amp;ver=2&amp;hsh=3&amp;fclid=1819e953-9472-649e-0e93-f88d90726290&amp;psq=pascua&amp;u=a1aHR0cHM6Ly9lcy5jYXRob2xpYy5uZXQvb3AvYXJ0aWN1bG9zLzY5MjczL2NhdC83MzUvbGEtcGFzY3VhLWVzLWVsLXBhc28tZGVsLXNlbm9yLS5odG1s&amp;ntb=1\" target=\"_blank\" rel=\"noopener\">Pascua<\/a>. Este es un periodo de 50 d\u00edas que se va desde el Domingo de Pascua hasta el domingo de Pentecost\u00e9s. As\u00ed, Pentecost\u00e9s\u00a0(pent\u0113kost\u1e17, que significa \u2018quincuag\u00e9simo\u2019) es la festividad que pone t\u00e9rmino solemne al tiempo de Pascua. Durante Pentecost\u00e9s se celebra la venida del\u00a0<a href=\"https:\/\/es.wikipedia.org\/wiki\/Esp%C3%ADritu_Santo\" target=\"_blank\" rel=\"noopener\">Esp\u00edritu Santo<\/a>\u00a0y el inicio de las actividades de la\u00a0<a href=\"https:\/\/es.wikipedia.org\/wiki\/Iglesia_(organizaci%C3%B3n)\" target=\"_blank\" rel=\"noopener\">Iglesia<\/a>. Por ello tambi\u00e9n se le conoce como la celebraci\u00f3n del Esp\u00edritu Santo. En la liturgia cat\u00f3lica es la fiesta m\u00e1s importante despu\u00e9s de la Pascua y la\u00a0<a href=\"https:\/\/es.wikipedia.org\/wiki\/Navidad\" target=\"_blank\" rel=\"noopener\">Navidad<\/a>. La fiesta de Pentecost\u00e9s es uno de los Domingos m\u00e1s importantes del a\u00f1o, despu\u00e9s de la Pascua<\/p>\n<p style=\"text-align: justify\">En la antig\u00fcedad se designaba como <strong>\u201cfiesta de las semanas\u201d<\/strong> y ten\u00eda lugar siete semanas despu\u00e9s de la fiesta de los primeros frutos (Lev\u00edtico 23:15-21; Deuteronomio 16:9). Se celebraba al t\u00e9rmino de la cosecha de la cebada y antes de comenzar la del trigo (\u00c9xodo 34:22); dado que depend\u00eda de cuando llegaba la cosecha cada a\u00f1o, se estableci\u00f3 como fiesta movible generalmente entre mayo y junio. Siete semanas son cincuenta d\u00edas; de ah\u00ed el nombre de Pentecost\u00e9s (= cincuenta).\u00a0En su origen ten\u00eda un sentido de acci\u00f3n de gracias por la cosecha recogida.<\/p>\n<p style=\"text-align: justify\">En el a\u00f1o en que Jes\u00fas fue crucificado, despu\u00e9s de su <a href=\"https:\/\/www.bing.com\/ck\/a?!&amp;&amp;p=9ab8566cd81bcf07JmltdHM9MTcxNTkwNDAwMCZpZ3VpZD0xODE5ZTk1My05NDcyLTY0OWUtMGU5My1mODhkOTA3MjYyOTAmaW5zaWQ9NTQzMQ&amp;ptn=3&amp;ver=2&amp;hsh=3&amp;fclid=1819e953-9472-649e-0e93-f88d90726290&amp;psq=resurrecci%c3%b3n&amp;u=a1aHR0cHM6Ly9lcy53aWtpcGVkaWEub3JnL3dpa2kvUmVzdXJyZWNjaSVDMyVCM24&amp;ntb=1\" target=\"_blank\" rel=\"noopener\">Resurrecci\u00f3n<\/a> los ap\u00f3stoles estaban reunidos en Jerusal\u00e9n alrededor de la Madre del Se\u00f1or durante la celebraci\u00f3n de la Pascua jud\u00eda, se les apareci\u00f3 el Esp\u00edritu Santo.<\/p>\n<p style=\"text-align: justify\">Seg\u00fan relata el <a href=\"https:\/\/www.bing.com\/ck\/a?!&amp;&amp;p=f8dd2aa899def2d1JmltdHM9MTcxNTkwNDAwMCZpZ3VpZD0xODE5ZTk1My05NDcyLTY0OWUtMGU5My1mODhkOTA3MjYyOTAmaW5zaWQ9NTI4MQ&amp;ptn=3&amp;ver=2&amp;hsh=3&amp;fclid=1819e953-9472-649e-0e93-f88d90726290&amp;psq=libro+de+los+Hechos+de+los+Ap%c3%b3stoles&amp;u=a1aHR0cHM6Ly9lYy5hY2lwcmVuc2EuY29tL3dpa2kvSGVjaG9zX2RlX2xvc19BcCVDMyVCM3N0b2xlcw&amp;ntb=1\" target=\"_blank\" rel=\"noopener\">libro de los Hechos de los Ap\u00f3stoles<\/a>, se escuch\u00f3 un ruido fuerte y aparecieron entonces lenguas de fuego que se posaron sobre cada uno de ellos, y fueron llenos del Esp\u00edritu Santo. A partir de ese momento, los disc\u00edpulos adquirieron el poder de hablar en diferentes lenguas, lo cual fue interpretado por los visitantes de diferentes regiones que estaban en <a href=\"https:\/\/es.wikipedia.org\/wiki\/Jerusal%C3%A9n\" target=\"_blank\" rel=\"noopener\">Jerusal\u00e9n<\/a> para la festividad.<\/p>\n<p style=\"text-align: justify\">Durante mucho tiempo, debido a su importancia, esta fiesta fue llamada por el pueblo, segunda Pascua. Por otra parte, actualmente la Iglesia la mantiene como m\u00e1xima solemnidad despu\u00e9s de la festividad de Pascua. Antiguamente, Pentecost\u00e9s era una de las tres grandes fiestas jud\u00edas, y para celebrarlo gran cantidad del pueblo sub\u00eda a\u00a0Jerusal\u00e9n\u00a0para dar gracias a Dios y adorarle en el\u00a0<a href=\"https:\/\/es.wikipedia.org\/wiki\/Templo_de_Jerusal%C3%A9n\" target=\"_blank\" rel=\"noopener\">Templo<\/a><\/p>\n<p style=\"text-align: justify\">El suceso de Pentecost\u00e9s marc\u00f3 el comienzo de la Iglesia cristiana y se considera uno de los eventos m\u00e1s importantes en la historia del cristianismo. Despu\u00e9s de recibir el Esp\u00edritu Santo, los ap\u00f3stoles comenzaron a predicar el mensaje de Jes\u00fas con valent\u00eda y poder, y fueron capaces de comunicarse con personas de diferentes idiomas y culturas. Este acontecimiento es una manifestaci\u00f3n del Esp\u00edritu de Dios, por lo tanto, no podemos desvincularla de la Pascua que es la Madre de todas las fiestas.<\/p>\n<p style=\"text-align: justify\">La fiesta de Pentecost\u00e9s, es el segundo domingo m\u00e1s importante del a\u00f1o lit\u00fargico en donde los cristianos tienen la oportunidad de vivir intensamente la relaci\u00f3n existente entre la Resurrecci\u00f3n de Cristo, su <a href=\"https:\/\/www.bing.com\/ck\/a?!&amp;&amp;p=16b7ffe72f94a40fJmltdHM9MTcxNTkwNDAwMCZpZ3VpZD0xODE5ZTk1My05NDcyLTY0OWUtMGU5My1mODhkOTA3MjYyOTAmaW5zaWQ9NTE3Mw&amp;ptn=3&amp;ver=2&amp;hsh=3&amp;fclid=1819e953-9472-649e-0e93-f88d90726290&amp;psq=Ascensi%c3%b3n&amp;u=a1aHR0cHM6Ly9lcy5jYXRob2xpYy5uZXQvb3AvYXJ0aWN1bG9zLzE4MTcyL2NhdC83MjUvbGEtYXNjZW5zaW9uLWRlbC1zZW5vci5odG1s&amp;ntb=1\" target=\"_blank\" rel=\"noopener\">Ascensi\u00f3n<\/a> y la venida del Esp\u00edritu Santo.<\/p>\n<p style=\"text-align: justify\">La solemnidad de Pentecost\u00e9s es una <a href=\"https:\/\/veneportal.com\/noticias\/2024\/05\/14\/celebraciones-religiosas-moviles\/\">fiesta m\u00f3vil<\/a>, lo que significa que no se fija con relaci\u00f3n al calendario normal, sino que se celebra en\u00a0<a href=\"https:\/\/es.wikipedia.org\/wiki\/Fecha_variable\" target=\"_blank\" rel=\"noopener\">fecha variable<\/a>, seg\u00fan el a\u00f1o y el rito en cuesti\u00f3n, de acuerdo a o antes indicado. A efecto de visualizar apropiadamente la determinaci\u00f3n de la fecha de celebraci\u00f3n de este evento, gr\u00e1ficamente, los 50 d\u00edas se cuentan c\u00f3mo se indica a continuaci\u00f3n:<\/p>\n<table width=\"406\">\n<tbody>\n<tr>\n<td width=\"46\">\n<p><strong>Lunes<\/strong><\/p>\n<\/td>\n<td width=\"47\">\n<p><strong>Martes<\/strong><\/p>\n<\/td>\n<td width=\"62\">\n<p><strong>Mi\u00e9rcoles<\/strong><\/p>\n<\/td>\n<td width=\"60\">\n<p><strong>Jueves<\/strong><\/p>\n<\/td>\n<td width=\"51\">\n<p><strong>Viernes<\/strong><\/p>\n<\/td>\n<td width=\"51\">\n<p><strong>S\u00e1bado<\/strong><\/p>\n<\/td>\n<td width=\"88\">\n<p><strong>Domingo<\/strong><\/p>\n<\/td>\n<\/tr>\n<tr>\n<td width=\"46\">\u00a0<\/td>\n<td width=\"47\">\u00a0<\/td>\n<td width=\"62\">\u00a0<\/td>\n<td width=\"60\">\u00a0<\/td>\n<td width=\"51\">\u00a0<\/td>\n<td width=\"51\">\u00a0<\/td>\n<td width=\"88\">\n<p><a href=\"https:\/\/es.wikipedia.org\/wiki\/Pascua\" target=\"_blank\" rel=\"noopener\">Domingo de Resurrecci\u00f3n<\/a><\/p>\n<\/td>\n<\/tr>\n<tr>\n<td width=\"46\">\n<p>D\u00eda 2<\/p>\n<\/td>\n<td width=\"47\">\n<p>D\u00eda 3<\/p>\n<\/td>\n<td width=\"62\">\n<p>D\u00eda 4<\/p>\n<\/td>\n<td width=\"60\">\n<p>D\u00eda 5<\/p>\n<\/td>\n<td width=\"51\">\n<p>D\u00eda 6<\/p>\n<\/td>\n<td width=\"51\">\n<p>D\u00eda 7<\/p>\n<\/td>\n<td width=\"88\">\n<p>2do domingo de Pascua<\/p>\n<\/td>\n<\/tr>\n<tr>\n<td width=\"46\">\n<p>D\u00eda 9<\/p>\n<\/td>\n<td width=\"47\">\n<p>D\u00eda 10<\/p>\n<\/td>\n<td width=\"62\">\n<p>D\u00eda 11<\/p>\n<\/td>\n<td width=\"60\">\n<p>D\u00eda 12<\/p>\n<\/td>\n<td width=\"51\">\n<p>D\u00eda 13<\/p>\n<\/td>\n<td width=\"51\">\n<p>D\u00eda 14<\/p>\n<\/td>\n<td width=\"88\">\n<p>Tercer domingo de Pascua<\/p>\n<\/td>\n<\/tr>\n<tr>\n<td width=\"46\">\n<p>D\u00eda 16<\/p>\n<\/td>\n<td width=\"47\">\n<p>D\u00eda 17<\/p>\n<\/td>\n<td width=\"62\">\n<p>D\u00eda 18<\/p>\n<\/td>\n<td width=\"60\">\n<p>D\u00eda 19<\/p>\n<\/td>\n<td width=\"51\">\n<p>D\u00eda 20<\/p>\n<\/td>\n<td width=\"51\">\n<p>D\u00eda 21<\/p>\n<\/td>\n<td width=\"88\">\n<p>Cuarto domingo de Pascua<\/p>\n<\/td>\n<\/tr>\n<tr>\n<td width=\"46\">\n<p>D\u00eda 23<\/p>\n<\/td>\n<td width=\"47\">\n<p>D\u00eda 24<\/p>\n<\/td>\n<td width=\"62\">\n<p>D\u00eda 25<\/p>\n<\/td>\n<td width=\"60\">\n<p>D\u00eda 26<\/p>\n<\/td>\n<td width=\"51\">\n<p>D\u00eda 27<\/p>\n<\/td>\n<td width=\"51\">\n<p>D\u00eda 28<\/p>\n<\/td>\n<td width=\"88\">\n<p>Quinto domingo de Pascua<\/p>\n<\/td>\n<\/tr>\n<tr>\n<td width=\"46\">\n<p>D\u00eda 30<\/p>\n<\/td>\n<td width=\"47\">\n<p>D\u00eda 31<\/p>\n<\/td>\n<td width=\"62\">\n<p>D\u00eda 32<\/p>\n<\/td>\n<td width=\"60\">\n<p>D\u00eda 33<\/p>\n<\/td>\n<td width=\"51\">\n<p>D\u00eda 34<\/p>\n<\/td>\n<td width=\"51\">\n<p>D\u00eda 35<\/p>\n<\/td>\n<td width=\"88\">\n<p>Sexto domingo de Pascua<\/p>\n<\/td>\n<\/tr>\n<tr>\n<td width=\"46\">\n<p>D\u00eda 37<\/p>\n<\/td>\n<td width=\"47\">\n<p>D\u00eda 38<\/p>\n<\/td>\n<td width=\"62\">\n<p>D\u00eda 39<\/p>\n<\/td>\n<td width=\"60\">\n<p>D\u00eda 40<\/p>\n<\/td>\n<td width=\"51\">\n<p>D\u00eda 41<\/p>\n<\/td>\n<td width=\"51\">\n<p>D\u00eda 42<\/p>\n<\/td>\n<td width=\"88\">\n<p><a href=\"https:\/\/es.wikipedia.org\/wiki\/D%C3%ADa_de_la_Ascensi%C3%B3n\" target=\"_blank\" rel=\"noopener\">Ascensi\u00f3n del Se\u00f1or<\/a>\u200b<\/p>\n<\/td>\n<\/tr>\n<tr>\n<td width=\"46\">\n<p>D\u00eda 44<\/p>\n<\/td>\n<td width=\"47\">\n<p>D\u00eda 45<\/p>\n<\/td>\n<td width=\"62\">\n<p>D\u00eda 46<\/p>\n<\/td>\n<td width=\"60\">\n<p>D\u00eda 47<\/p>\n<\/td>\n<td width=\"51\">\n<p>D\u00eda 48<\/p>\n<\/td>\n<td width=\"51\">\n<p>D\u00eda 49<\/p>\n<\/td>\n<td width=\"88\">\n<p><a href=\"https:\/\/es.wikipedia.org\/wiki\/Shavuot\" target=\"_blank\" rel=\"noopener\">Pentecost\u00e9s<\/a><\/p>\n<\/td>\n<\/tr>\n<\/tbody>\n<\/table>\n<p style=\"text-align: justify\">La festividad de Pentecost\u00e9s es celebrada por los cristianos de diversas denominaciones en todo el mundo. Es un momento de renovaci\u00f3n espiritual y agradecimiento por el don del Esp\u00edritu Santo. Las celebraciones pueden variar seg\u00fan las tradiciones y costumbres locales, pero a menudo incluyen servicios religiosos especiales, oraciones, c\u00e1nticos y lecturas b\u00edblicas.<\/p>\n<p style=\"text-align: justify\">Adem\u00e1s de su significado religioso, Pentecost\u00e9s tambi\u00e9n se asocia con otros simbolismos. Es considerado el <strong>\u201ccumplimiento de la cosecha\u201d<\/strong> espiritual, ya que muchos creyentes hallan una conexi\u00f3n entre la llegada del Esp\u00edritu Santo y la madurez y fructificaci\u00f3n de sus vidas espirituales.<\/p>\n<p style=\"text-align: justify\">Entre las muchas actividades que se preparan para esta fiesta se encuentran, las <a href=\"https:\/\/www.bing.com\/ck\/a?!&amp;&amp;p=4aebcad4088e84a9JmltdHM9MTcxNTkwNDAwMCZpZ3VpZD0xODE5ZTk1My05NDcyLTY0OWUtMGU5My1mODhkOTA3MjYyOTAmaW5zaWQ9NTQzOA&amp;ptn=3&amp;ver=2&amp;hsh=3&amp;fclid=1819e953-9472-649e-0e93-f88d90726290&amp;psq=Vigilias+de+Pentecost%c3%a9s&amp;u=a1aHR0cHM6Ly93d3cubGl0dXJnaWFwYXBhbC5vcmcvbWFudWFsLWRlLWxpdHVyZ2lhL3JpdG9zLWR1cmFudGUtZWwtYSVDMyVCMW8vMjY5LWxhLXZpZ2lsaWEtZGUtcGVudGVjb3N0JUMzJUE5cy5odG1s&amp;ntb=1\" target=\"_blank\" rel=\"noopener\">Vigilias de Pentecost\u00e9s<\/a> que, bien pensadas y lo suficientemente preparadas, pueden ser experiencias profundas y significativas para quienes participan en ellas. Se comparten experiencias, testimonios y vivencias. Todo en un ambiente de acogida y respeto.<\/p>\n<p style=\"text-align: justify\">Es importante tener presente que los elementos claves de las vigilias son; la lectura de la <a href=\"https:\/\/www.bing.com\/ck\/a?!&amp;&amp;p=b92e3a7bd7d1837dJmltdHM9MTcxNTkwNDAwMCZpZ3VpZD0xODE5ZTk1My05NDcyLTY0OWUtMGU5My1mODhkOTA3MjYyOTAmaW5zaWQ9NTE1OQ&amp;ptn=3&amp;ver=2&amp;hsh=3&amp;fclid=1819e953-9472-649e-0e93-f88d90726290&amp;psq=sagrada+escritura&amp;u=a1aHR0cHM6Ly9lcy5jYXRob2xpYy5uZXQvb3AvYXJ0aWN1bG9zLzczMTUvY2F0LzM4OS9sYS1zYWdyYWRhLWVzY3JpdHVyYS1lbC1tZW5zYWplLXZpdm8tZGUtZGlvcy5odG1s&amp;ntb=1\" target=\"_blank\" rel=\"noopener\">Sagrada Escritura<\/a>, las oraciones, los cantos, los gestos, los s\u00edmbolos, la luz, las im\u00e1genes, los colores, la celebraci\u00f3n de la <a href=\"https:\/\/www.bing.com\/ck\/a?!&amp;&amp;p=39a1e069381651d3JmltdHM9MTcxNTkwNDAwMCZpZ3VpZD0xODE5ZTk1My05NDcyLTY0OWUtMGU5My1mODhkOTA3MjYyOTAmaW5zaWQ9NTE4NQ&amp;ptn=3&amp;ver=2&amp;hsh=3&amp;fclid=1819e953-9472-649e-0e93-f88d90726290&amp;psq=Eucarist%c3%ada&amp;u=a1aHR0cHM6Ly9lcy5jYXRob2xpYy5uZXQvb3AvYXJ0aWN1bG9zLzY3ODcvY2F0LzM3Ni9sYS1ldWNhcmlzdGlhLWNvbW8tc2FjcmFtZW50by5odG1s&amp;ntb=1\" target=\"_blank\" rel=\"noopener\">Eucarist\u00eda<\/a> y la participaci\u00f3n de la asamblea. En el caso de Pentecost\u00e9s se centra la atenci\u00f3n en el Esp\u00edritu Santo prometido por Jes\u00fas en reiteradas ocasiones y, esta vigilia, puede llegar a ser muy atrayente, especialmente para los j\u00f3venes precisamente por el clima de oraci\u00f3n, de alegr\u00eda y fiesta. Algo que nunca debe estar ausente en una Vigilia de Pentecost\u00e9s son los dones y los frutos del Esp\u00edritu Santo.<\/p>\n<p style=\"text-align: justify\">No sacamos nada si no reconocemos que nuestro actuar diario est\u00e1 bajo la acci\u00f3n del Esp\u00edritu Santo y de los frutos que vayamos produciendo. Invoquemos al Esp\u00edritu Santo para que nos regale sus luces y su fuerza y, sobre todo, nos haga fieles testigos de Jesucristo, nuestro Se\u00f1or.<\/p>\n<p><iframe title=\"\u00bfQu\u00e9 es Pentecost\u00e9s?\" width=\"1110\" height=\"624\" src=\"https:\/\/www.youtube.com\/embed\/a--DUVfjARo?feature=oembed\" frameborder=\"0\" allow=\"accelerometer; autoplay; clipboard-write; encrypted-media; gyroscope; picture-in-picture; web-share\" referrerpolicy=\"strict-origin-when-cross-origin\" allowfullscreen><\/iframe><\/p>\n<h2>Evangelio de la Solemnidad de Pentecost\u00e9s<\/h2>\n<p><em>Juan 20:19-23<\/em><\/p>\n<p><strong><sup>19 <\/sup><\/strong>Al atardecer de aquel d\u00eda, el primero de la semana, estando cerradas, por miedo a los jud\u00edos, las puertas del lugar donde se encontraban los disc\u00edpulos, se present\u00f3 Jes\u00fas en medio de ellos y les dijo: \u00abLa paz con vosotros.\u00bb<\/p>\n<p><strong><sup>20 <\/sup><\/strong>Dicho esto, les mostr\u00f3 las manos y el costado. Los disc\u00edpulos se alegraron de ver al Se\u00f1or.<\/p>\n<p><strong><sup>21 <\/sup><\/strong>Jes\u00fas les dijo otra vez: \u00abLa paz con vosotros. Como el Padre me envi\u00f3, tambi\u00e9n yo os env\u00edo.\u00bb<\/p>\n<p><strong><sup>22 <\/sup><\/strong>Dicho esto, sopl\u00f3 sobre ellos y les dijo: \u00abRecibid el Esp\u00edritu Santo.<\/p>\n<p><strong><sup>23 <\/sup><\/strong>A quienes perdon\u00e9is los pecados, les quedan perdonados; a quienes se los reteng\u00e1is, les quedan retenidos.\u00bb<\/p>\n<p>Ver m\u00e1s art\u00edculos Cat\u00f3licos\u00a0<a href=\"https:\/\/veneportal.com\/noticias\/category\/iglesia-catolica\/\" target=\"_blank\" rel=\"noopener\" data-saferedirecturl=\"https:\/\/www.google.com\/url?q=https:\/\/veneportal.com\/noticias\/category\/iglesia-catolica\/&amp;source=gmail&amp;ust=1716177740157000&amp;usg=AOvVaw0Zdo5k_ssuaiXjWstqWjIQ\">aqui<\/a><\/p>\n<div class=\"venep-after-content venep-entity-placement\" id=\"venep-2282830211\"><div id=\"venep-4083441841\"><script async src=\"https:\/\/pagead2.googlesyndication.com\/pagead\/js\/adsbygoogle.js?client=ca-pub-5862940809620110\"\r\n     crossorigin=\"anonymous\"><\/script>\r\n<ins class=\"adsbygoogle\"\r\n     style=\"display:block\"\r\n     data-ad-format=\"fluid\"\r\n     data-ad-layout-key=\"-6t+ed+2i-1n-4w\"\r\n     data-ad-client=\"ca-pub-5862940809620110\"\r\n     data-ad-slot=\"7946604715\"><\/ins>\r\n<script>\r\n     (adsbygoogle = window.adsbygoogle || []).push({});\r\n<\/script><\/div><\/div>","protected":false},"excerpt":{"rendered":"<p>PENTECOST\u00c9S Uno de los periodos m\u00e1s importantes del A\u00f1o Lit\u00fargico, es el tiempo de Pascua. Este es un periodo de 50 d\u00edas que se va desde el Domingo de Pascua&hellip; <\/p>\n","protected":false},"author":2192,"featured_media":59845,"comment_status":"open","ping_status":"open","sticky":false,"template":"","format":"standard","meta":{"footnotes":""},"categories":[116],"tags":[],"class_list":["post-59856","post","type-post","status-publish","format-standard","has-post-thumbnail","hentry","category-iglesia-catolica"],"_links":{"self":[{"href":"https:\/\/veneportal.com\/noticias\/wp-json\/wp\/v2\/posts\/59856","targetHints":{"allow":["GET"]}}],"collection":[{"href":"https:\/\/veneportal.com\/noticias\/wp-json\/wp\/v2\/posts"}],"about":[{"href":"https:\/\/veneportal.com\/noticias\/wp-json\/wp\/v2\/types\/post"}],"author":[{"embeddable":true,"href":"https:\/\/veneportal.com\/noticias\/wp-json\/wp\/v2\/users\/2192"}],"replies":[{"embeddable":true,"href":"https:\/\/veneportal.com\/noticias\/wp-json\/wp\/v2\/comments?post=59856"}],"version-history":[{"count":3,"href":"https:\/\/veneportal.com\/noticias\/wp-json\/wp\/v2\/posts\/59856\/revisions"}],"predecessor-version":[{"id":61736,"href":"https:\/\/veneportal.com\/noticias\/wp-json\/wp\/v2\/posts\/59856\/revisions\/61736"}],"wp:featuredmedia":[{"embeddable":true,"href":"https:\/\/veneportal.com\/noticias\/wp-json\/wp\/v2\/media\/59845"}],"wp:attachment":[{"href":"https:\/\/veneportal.com\/noticias\/wp-json\/wp\/v2\/media?parent=59856"}],"wp:term":[{"taxonomy":"category","embeddable":true,"href":"https:\/\/veneportal.com\/noticias\/wp-json\/wp\/v2\/categories?post=59856"},{"taxonomy":"post_tag","embeddable":true,"href":"https:\/\/veneportal.com\/noticias\/wp-json\/wp\/v2\/tags?post=59856"}],"curies":[{"name":"wp","href":"https:\/\/api.w.org\/{rel}","templated":true}]}}