{"id":56592,"date":"2024-02-29T17:02:06","date_gmt":"2024-02-29T22:02:06","guid":{"rendered":"https:\/\/veneportal.com\/noticias\/2024\/02\/29\/lopez-obrador-amaga-con-ausentarse-de-cumbre-con-canada-y-eeuu\/"},"modified":"2024-02-29T17:02:06","modified_gmt":"2024-02-29T22:02:06","slug":"lopez-obrador-amaga-con-ausentarse-de-cumbre-con-canada-y-eeuu","status":"publish","type":"post","link":"https:\/\/veneportal.com\/noticias\/2024\/02\/29\/lopez-obrador-amaga-con-ausentarse-de-cumbre-con-canada-y-eeuu\/","title":{"rendered":"L\u00f3pez Obrador amaga con ausentarse de cumbre con Canad\u00e1 y EEUU"},"content":{"rendered":"<p>[iframe src=&#8221;https:\/\/www.vozdeamerica.com\/embed\/player\/0\/7508883.html?type=video&#8221; width=&#8221;640&#8243; height=&#8221;360&#8243; frameborder=&#8221;0&#8243; scrolling=&#8221;no&#8221; allowfullscreen=&#8221;allowfullscreen&#8221;]<\/p>\n<p>A poco m\u00e1s de un mes de celebrarse una cumbre con Estados Unidos y Canad\u00e1, el presidente de M\u00e9xico, Andr\u00e9s Manuel L\u00f3pez Obrador, amaga con ausentarse y pone condiciones para asistir al evento previsto en Quebec. Javier Cardoso nos ampl\u00eda desde Ciudad M\u00e9xico.<\/p>\n<div class=\"venep-after-content venep-entity-placement\" id=\"venep-614472036\"><div id=\"venep-910700501\"><a href=\"https:\/\/veneportal.com\/precios-publicidad-para-mi-negocio\/#premium\" aria-label=\"300&#215;250 Banners your door to the hispanic market\"><img src=\"https:\/\/veneportal.com\/noticias\/wp-content\/uploads\/sites\/2\/2021\/03\/300x250-Banners-your-door-to-the-hispanic-market.png\" alt=\"\"  srcset=\"https:\/\/veneportal.com\/noticias\/wp-content\/uploads\/sites\/2\/2021\/03\/300x250-Banners-your-door-to-the-hispanic-market.png 900w, https:\/\/veneportal.com\/noticias\/wp-content\/uploads\/sites\/2\/2021\/03\/300x250-Banners-your-door-to-the-hispanic-market-300x250.png 300w, https:\/\/veneportal.com\/noticias\/wp-content\/uploads\/sites\/2\/2021\/03\/300x250-Banners-your-door-to-the-hispanic-market-768x640.png 768w, https:\/\/veneportal.com\/noticias\/wp-content\/uploads\/sites\/2\/2021\/03\/300x250-Banners-your-door-to-the-hispanic-market-600x500.png 600w\" sizes=\"(max-width: 900px) 100vw, 900px\" width=\"600\" height=\"400\"   \/><\/a><\/div><\/div>","protected":false},"excerpt":{"rendered":"<p>L\u00f3pez Obrador amaga con ausentarse de cumbre con Canad\u00e1 y EEUUA poco m\u00e1s de un mes de celebrarse una cumbre con Estados Unidos y Canad\u00e1, el presidente de M\u00e9xico, Andr\u00e9s Manuel L\u00f3pez Obrador, amaga con ausentarse y pone condiciones para asistir al evento previsto en Quebec. Javier Cardoso nos ampl\u00eda desde Ciudad M\u00e9xico.<\/p>\n","protected":false},"author":1287,"featured_media":56593,"comment_status":"open","ping_status":"open","sticky":false,"template":"","format":"video","meta":{"footnotes":""},"categories":[93],"tags":[],"class_list":["post-56592","post","type-post","status-publish","format-video","has-post-thumbnail","hentry","category-multimedia","post_format-post-format-video"],"_links":{"self":[{"href":"https:\/\/veneportal.com\/noticias\/wp-json\/wp\/v2\/posts\/56592","targetHints":{"allow":["GET"]}}],"collection":[{"href":"https:\/\/veneportal.com\/noticias\/wp-json\/wp\/v2\/posts"}],"about":[{"href":"https:\/\/veneportal.com\/noticias\/wp-json\/wp\/v2\/types\/post"}],"author":[{"embeddable":true,"href":"https:\/\/veneportal.com\/noticias\/wp-json\/wp\/v2\/users\/1287"}],"replies":[{"embeddable":true,"href":"https:\/\/veneportal.com\/noticias\/wp-json\/wp\/v2\/comments?post=56592"}],"version-history":[{"count":0,"href":"https:\/\/veneportal.com\/noticias\/wp-json\/wp\/v2\/posts\/56592\/revisions"}],"wp:featuredmedia":[{"embeddable":true,"href":"https:\/\/veneportal.com\/noticias\/wp-json\/wp\/v2\/media\/56593"}],"wp:attachment":[{"href":"https:\/\/veneportal.com\/noticias\/wp-json\/wp\/v2\/media?parent=56592"}],"wp:term":[{"taxonomy":"category","embeddable":true,"href":"https:\/\/veneportal.com\/noticias\/wp-json\/wp\/v2\/categories?post=56592"},{"taxonomy":"post_tag","embeddable":true,"href":"https:\/\/veneportal.com\/noticias\/wp-json\/wp\/v2\/tags?post=56592"}],"curies":[{"name":"wp","href":"https:\/\/api.w.org\/{rel}","templated":true}]}}