{"id":56556,"date":"2024-02-27T17:02:06","date_gmt":"2024-02-27T22:02:06","guid":{"rendered":"https:\/\/veneportal.com\/noticias\/2024\/02\/27\/puerto-rico-es-el-pais-invitado-de-honor-a-feria-anual-del-turismo-en-colombia\/"},"modified":"2024-02-27T17:02:06","modified_gmt":"2024-02-27T22:02:06","slug":"puerto-rico-es-el-pais-invitado-de-honor-a-feria-anual-del-turismo-en-colombia","status":"publish","type":"post","link":"https:\/\/veneportal.com\/noticias\/2024\/02\/27\/puerto-rico-es-el-pais-invitado-de-honor-a-feria-anual-del-turismo-en-colombia\/","title":{"rendered":"Puerto Rico es el pa\u00eds invitado de honor a feria anual del turismo en Colombia"},"content":{"rendered":"<p>[iframe src=&#8221;https:\/\/www.vozdeamerica.com\/embed\/player\/0\/7504527.html?type=video&#8221; width=&#8221;640&#8243; height=&#8221;360&#8243; frameborder=&#8221;0&#8243; scrolling=&#8221;no&#8221; allowfullscreen=&#8221;allowfullscreen&#8221;]<\/p>\n<p>La isla de Puerto Rico brillar\u00e1 como pa\u00eds invitado de honor en la Vitrina Tur\u00edstica, la feria anual de la Asociaci\u00f3n Colombiana de Agencias de Viajes y Turismo, y considerado el evento m\u00e1s importante de ese sector en el pa\u00eds andino. Jair D\u00edaz tiene el reporte.<\/p>\n<div class=\"venep-after-content venep-entity-placement\" id=\"venep-1703685559\"><div id=\"venep-894279747\"><script async src=\"https:\/\/pagead2.googlesyndication.com\/pagead\/js\/adsbygoogle.js?client=ca-pub-5862940809620110\"\r\n     crossorigin=\"anonymous\"><\/script>\r\n<ins class=\"adsbygoogle\"\r\n     style=\"display:block\"\r\n     data-ad-format=\"fluid\"\r\n     data-ad-layout-key=\"-6t+ed+2i-1n-4w\"\r\n     data-ad-client=\"ca-pub-5862940809620110\"\r\n     data-ad-slot=\"7946604715\"><\/ins>\r\n<script>\r\n     (adsbygoogle = window.adsbygoogle || []).push({});\r\n<\/script><\/div><\/div>","protected":false},"excerpt":{"rendered":"<p>Puerto Rico es el pa\u00eds invitado de honor a feria anual del turismo en ColombiaLa isla de Puerto Rico brillar\u00e1 como pa\u00eds invitado de honor en la Vitrina Tur\u00edstica, la feria anual de la Asociaci\u00f3n Colombiana de Agencias de Viajes y Turismo, y considerado el evento m\u00e1s importante de ese sector en el pa\u00eds andino. Jair D\u00edaz tiene el reporte.<\/p>\n","protected":false},"author":1287,"featured_media":56557,"comment_status":"open","ping_status":"open","sticky":false,"template":"","format":"video","meta":{"footnotes":""},"categories":[93],"tags":[],"class_list":["post-56556","post","type-post","status-publish","format-video","has-post-thumbnail","hentry","category-multimedia","post_format-post-format-video"],"_links":{"self":[{"href":"https:\/\/veneportal.com\/noticias\/wp-json\/wp\/v2\/posts\/56556","targetHints":{"allow":["GET"]}}],"collection":[{"href":"https:\/\/veneportal.com\/noticias\/wp-json\/wp\/v2\/posts"}],"about":[{"href":"https:\/\/veneportal.com\/noticias\/wp-json\/wp\/v2\/types\/post"}],"author":[{"embeddable":true,"href":"https:\/\/veneportal.com\/noticias\/wp-json\/wp\/v2\/users\/1287"}],"replies":[{"embeddable":true,"href":"https:\/\/veneportal.com\/noticias\/wp-json\/wp\/v2\/comments?post=56556"}],"version-history":[{"count":0,"href":"https:\/\/veneportal.com\/noticias\/wp-json\/wp\/v2\/posts\/56556\/revisions"}],"wp:featuredmedia":[{"embeddable":true,"href":"https:\/\/veneportal.com\/noticias\/wp-json\/wp\/v2\/media\/56557"}],"wp:attachment":[{"href":"https:\/\/veneportal.com\/noticias\/wp-json\/wp\/v2\/media?parent=56556"}],"wp:term":[{"taxonomy":"category","embeddable":true,"href":"https:\/\/veneportal.com\/noticias\/wp-json\/wp\/v2\/categories?post=56556"},{"taxonomy":"post_tag","embeddable":true,"href":"https:\/\/veneportal.com\/noticias\/wp-json\/wp\/v2\/tags?post=56556"}],"curies":[{"name":"wp","href":"https:\/\/api.w.org\/{rel}","templated":true}]}}