{"id":56527,"date":"2024-02-27T00:06:07","date_gmt":"2024-02-27T05:06:07","guid":{"rendered":"https:\/\/veneportal.com\/noticias\/2024\/02\/27\/olof-skoog-es-el-nuevo-representante-de-la-ue-para-derechos-humanos\/"},"modified":"2024-02-27T00:06:07","modified_gmt":"2024-02-27T05:06:07","slug":"olof-skoog-es-el-nuevo-representante-de-la-ue-para-derechos-humanos","status":"publish","type":"post","link":"https:\/\/veneportal.com\/noticias\/2024\/02\/27\/olof-skoog-es-el-nuevo-representante-de-la-ue-para-derechos-humanos\/","title":{"rendered":"Olof Skoog es el nuevo representante de la UE para derechos humanos"},"content":{"rendered":"<p>El Consejo de la Uni\u00f3n Europea nombr\u00f3 al diplom\u00e1tico sueco Olof Skoog nuevo representante especial de la UE para los Derechos Humanos, en sustituci\u00f3n del irland\u00e9s Eamon Gilmore.El mandato de cinco a\u00f1os de Gilmore finaliza el 29 de febrero y se espera que Skoog asuma sus funciones el 1 de marzo por un per\u00edodo inicial de dos a\u00f1os, precis\u00f3. El Consejo explic\u00f3 que el nuevo representante especial continuar\u00e1 la labor de sus predecesores de &#8220;contribuir a la aplicaci\u00f3n de la pol\u00edtica de la UE en materia de derechos humanos, las posiciones de la UE sobre el fomento del cumplimiento del Derecho internacional humanitario y el apoyo a la justicia penal internacional\u201d.<\/p>\n<p>Adem\u00e1s, ayudar\u00e1 a establecer una voz europea m\u00e1s fuerte a trav\u00e9s de di\u00e1logos sobre derechos humanos con gobiernos de terceros pa\u00edses y organismos internacionales y regionales, as\u00ed como con organizaciones de la sociedad civil y otros actores relevantes, agreg\u00f3.<\/p>\n<p>Delegado de la UE ante Naciones Unidas<\/p>\n<p>El representante especial trabajar\u00e1 en estrecha colaboraci\u00f3n con el Servicio Europeo de Acci\u00f3n Exterior (SEAE) y las instituciones de la UE para garantizar la eficacia y visibilidad de la pol\u00edtica de derechos humanos de la UE en las acciones exteriores, indic\u00f3 el Consejo.<\/p>\n<p>Detall\u00f3 que Skoog es un diplom\u00e1tico sueco con amplia experiencia nacional y en la UE a trav\u00e9s de los diferentes cargos que ha asumido. Recientemente fue jefe de la Delegaci\u00f3n de la Uni\u00f3n Europea ante las Naciones Unidas desde diciembre de 2019 hasta agosto de 2023.<\/p>\n<p>Los representantes especiales de la UE son propuestos por el alto representante comunitario para Asuntos Exteriores y de Seguridad, Josep Borrell, para promover las pol\u00edticas e intereses de la UE en determinadas regiones y pa\u00edses, as\u00ed como cuestiones de especial preocupaci\u00f3n o inter\u00e9s para la UE.<\/p>\n<p>As\u00ed, desempe\u00f1an un papel activo en los esfuerzos por consolidar la paz, la estabilidad y el Estado de derecho. Los primeros representantes especiales de la UE fueron nombrados en 1996 y, en la actualidad, son diez los que apoyan la labor de Borrell.<\/p>\n<p>jov (efe, ParlamentoEuropeo)<\/p>\n<div class=\"venep-after-content venep-entity-placement\" id=\"venep-199372917\"><div id=\"venep-2308891898\"><script async src=\"https:\/\/pagead2.googlesyndication.com\/pagead\/js\/adsbygoogle.js?client=ca-pub-5862940809620110\"\r\n     crossorigin=\"anonymous\"><\/script>\r\n<ins class=\"adsbygoogle\"\r\n     style=\"display:block\"\r\n     data-ad-format=\"fluid\"\r\n     data-ad-layout-key=\"-6t+ed+2i-1n-4w\"\r\n     data-ad-client=\"ca-pub-5862940809620110\"\r\n     data-ad-slot=\"7946604715\"><\/ins>\r\n<script>\r\n     (adsbygoogle = window.adsbygoogle || []).push({});\r\n<\/script><\/div><\/div>","protected":false},"excerpt":{"rendered":"<p>El Consejo de la Uni\u00f3n Europea nombr\u00f3 al diplom\u00e1tico sueco Olof Skoog nuevo representante especial de la UE para los Derechos Humanos, en sustituci\u00f3n del irland\u00e9s Eamon Gilmore.El mandato de&hellip; <\/p>\n","protected":false},"author":505,"featured_media":56528,"comment_status":"open","ping_status":"open","sticky":false,"template":"","format":"standard","meta":{"footnotes":""},"categories":[85],"tags":[],"class_list":["post-56527","post","type-post","status-publish","format-standard","has-post-thumbnail","hentry","category-politica"],"_links":{"self":[{"href":"https:\/\/veneportal.com\/noticias\/wp-json\/wp\/v2\/posts\/56527","targetHints":{"allow":["GET"]}}],"collection":[{"href":"https:\/\/veneportal.com\/noticias\/wp-json\/wp\/v2\/posts"}],"about":[{"href":"https:\/\/veneportal.com\/noticias\/wp-json\/wp\/v2\/types\/post"}],"author":[{"embeddable":true,"href":"https:\/\/veneportal.com\/noticias\/wp-json\/wp\/v2\/users\/505"}],"replies":[{"embeddable":true,"href":"https:\/\/veneportal.com\/noticias\/wp-json\/wp\/v2\/comments?post=56527"}],"version-history":[{"count":0,"href":"https:\/\/veneportal.com\/noticias\/wp-json\/wp\/v2\/posts\/56527\/revisions"}],"wp:featuredmedia":[{"embeddable":true,"href":"https:\/\/veneportal.com\/noticias\/wp-json\/wp\/v2\/media\/56528"}],"wp:attachment":[{"href":"https:\/\/veneportal.com\/noticias\/wp-json\/wp\/v2\/media?parent=56527"}],"wp:term":[{"taxonomy":"category","embeddable":true,"href":"https:\/\/veneportal.com\/noticias\/wp-json\/wp\/v2\/categories?post=56527"},{"taxonomy":"post_tag","embeddable":true,"href":"https:\/\/veneportal.com\/noticias\/wp-json\/wp\/v2\/tags?post=56527"}],"curies":[{"name":"wp","href":"https:\/\/api.w.org\/{rel}","templated":true}]}}