{"id":56441,"date":"2024-02-24T10:00:06","date_gmt":"2024-02-24T15:00:06","guid":{"rendered":"https:\/\/veneportal.com\/noticias\/2024\/02\/24\/surge-polemica-en-nueva-york-por-misa-a-activista-transgenero\/"},"modified":"2024-04-21T13:40:02","modified_gmt":"2024-04-21T17:40:02","slug":"surge-polemica-en-nueva-york-por-misa-a-activista-transgenero","status":"publish","type":"post","link":"https:\/\/veneportal.com\/noticias\/2024\/02\/24\/surge-polemica-en-nueva-york-por-misa-a-activista-transgenero\/","title":{"rendered":"Surge pol\u00e9mica en Nueva York por misa a activista transg\u00e9nero"},"content":{"rendered":"<p>[iframe src=&#8221;https:\/\/www.vozdeamerica.com\/embed\/player\/0\/7500386.html?type=video&#8221; width=&#8221;640&#8243; height=&#8221;360&#8243; frameborder=&#8221;0&#8243; scrolling=&#8221;no&#8221; allowfullscreen=&#8221;allowfullscreen&#8221;]<\/p>\n<p>Un evento sin precedentes en la catedral de San Patricio dio lugar a un enfrentamiento entre algunos miembros de la comunidad transg\u00e9nero contra la iglesia cat\u00f3lica en Nueva York. \u00c1ngela Gonz\u00e1lez nos cuenta.<\/p>\n<div class=\"venep-after-content venep-entity-placement\" id=\"venep-2706039162\"><div id=\"venep-2197039817\"><script async src=\"https:\/\/pagead2.googlesyndication.com\/pagead\/js\/adsbygoogle.js?client=ca-pub-5862940809620110\"\r\n     crossorigin=\"anonymous\"><\/script>\r\n<ins class=\"adsbygoogle\"\r\n     style=\"display:block\"\r\n     data-ad-format=\"fluid\"\r\n     data-ad-layout-key=\"-6t+ed+2i-1n-4w\"\r\n     data-ad-client=\"ca-pub-5862940809620110\"\r\n     data-ad-slot=\"7946604715\"><\/ins>\r\n<script>\r\n     (adsbygoogle = window.adsbygoogle || []).push({});\r\n<\/script><\/div><\/div>","protected":false},"excerpt":{"rendered":"<p>Surge pol\u00e9mica en Nueva York por misa a activista transg\u00e9neroUn evento sin precedentes en la catedral de San Patricio dio lugar a un enfrentamiento entre algunos miembros de la comunidad transg\u00e9nero contra la iglesia cat\u00f3lica en Nueva York. \u00c1ngela Gonz\u00e1lez nos cuenta.<\/p>\n","protected":false},"author":1287,"featured_media":56442,"comment_status":"open","ping_status":"open","sticky":false,"template":"","format":"video","meta":{"footnotes":""},"categories":[116,93],"tags":[],"class_list":["post-56441","post","type-post","status-publish","format-video","has-post-thumbnail","hentry","category-iglesia-catolica","category-multimedia","post_format-post-format-video"],"_links":{"self":[{"href":"https:\/\/veneportal.com\/noticias\/wp-json\/wp\/v2\/posts\/56441","targetHints":{"allow":["GET"]}}],"collection":[{"href":"https:\/\/veneportal.com\/noticias\/wp-json\/wp\/v2\/posts"}],"about":[{"href":"https:\/\/veneportal.com\/noticias\/wp-json\/wp\/v2\/types\/post"}],"author":[{"embeddable":true,"href":"https:\/\/veneportal.com\/noticias\/wp-json\/wp\/v2\/users\/1287"}],"replies":[{"embeddable":true,"href":"https:\/\/veneportal.com\/noticias\/wp-json\/wp\/v2\/comments?post=56441"}],"version-history":[{"count":1,"href":"https:\/\/veneportal.com\/noticias\/wp-json\/wp\/v2\/posts\/56441\/revisions"}],"predecessor-version":[{"id":58603,"href":"https:\/\/veneportal.com\/noticias\/wp-json\/wp\/v2\/posts\/56441\/revisions\/58603"}],"wp:featuredmedia":[{"embeddable":true,"href":"https:\/\/veneportal.com\/noticias\/wp-json\/wp\/v2\/media\/56442"}],"wp:attachment":[{"href":"https:\/\/veneportal.com\/noticias\/wp-json\/wp\/v2\/media?parent=56441"}],"wp:term":[{"taxonomy":"category","embeddable":true,"href":"https:\/\/veneportal.com\/noticias\/wp-json\/wp\/v2\/categories?post=56441"},{"taxonomy":"post_tag","embeddable":true,"href":"https:\/\/veneportal.com\/noticias\/wp-json\/wp\/v2\/tags?post=56441"}],"curies":[{"name":"wp","href":"https:\/\/api.w.org\/{rel}","templated":true}]}}