{"id":56427,"date":"2024-02-24T04:02:06","date_gmt":"2024-02-24T09:02:06","guid":{"rendered":"https:\/\/veneportal.com\/noticias\/2024\/02\/24\/toni-kroos-vuelve-a-la-seleccion-alemana-y-disputara-la-eurocopa-en-su-pais\/"},"modified":"2024-02-24T04:02:06","modified_gmt":"2024-02-24T09:02:06","slug":"toni-kroos-vuelve-a-la-seleccion-alemana-y-disputara-la-eurocopa-en-su-pais","status":"publish","type":"post","link":"https:\/\/veneportal.com\/noticias\/2024\/02\/24\/toni-kroos-vuelve-a-la-seleccion-alemana-y-disputara-la-eurocopa-en-su-pais\/","title":{"rendered":"Toni Kroos vuelve a la selecci\u00f3n alemana y disputar\u00e1 la Eurocopa en su pa\u00eds"},"content":{"rendered":"<p>La estrella del Real Madrid regresa a la selecci\u00f3n para disputar la Eurocopa de Alemania este verano. Su \u00faltimo partido fue en 2021. \u00bfQu\u00e9 significa su regreso para el equipo de Julian Nagelsmann?Despu\u00e9s de que se especulara durante alg\u00fan tiempo, Toni Kroos volver\u00e1 a la selecci\u00f3n alemana de f\u00fatbol para la Eurocopa de este verano, que se celebrar\u00e1 precisamente en Alemania. El campe\u00f3n del mundo en 2014 lo anunci\u00f3 este jueves (22.02.2024) a trav\u00e9s de Instagram. En realidad, el ahora jugador de 34 a\u00f1os hab\u00eda anunciado en su retirada tras la Eurocopa de 2020, que se jug\u00f3 en verano de 2021 debido a la pandemia de coronavirus. &#8220;He jugado 106 veces con Alemania. No habr\u00e1 otra ocasi\u00f3n&#8221;, dijo tras la eliminaci\u00f3n en octavos de final contra Inglaterra.<\/p>\n<p>La raz\u00f3n por la que volver\u00e1 a jugar con la &#8220;Mannschaft\u201d fue muy conscisa en sus redes sociales: &#8220;Chicos, breve y directo: volver\u00e9 a jugar con Alemania a partir de marzo. \u00bfPor qu\u00e9? Porque me lo ha pedido el seleccionador nacional, me apetece y estoy seguro de que con el equipo en la Eurocopa se puede hacer mucho m\u00e1s de lo que la mayor\u00eda de la gente cree&#8221;, escribi\u00f3 el centrocampista, que a pesar de su avanzada edad para ser futbolista profesional, sigue siendo una de las piezas clave del Real Madrid.<\/p>\n<p>Toni Kroos ha mantenido expresamente abierta la opci\u00f3n de un regreso en los \u00faltimos meses. Volver\u00e1 para los partidos internacionales de marzo contra Francia en Lyon (23 de marzo) y contra Pa\u00edses Bajos en Fr\u00e1ncfort (26 de marzo).<\/p>\n<p>Tony Kroos: campe\u00f3n del mundo en 2014, fracaso en el Mundial de 2018<\/p>\n<p>Como jugador internacional, Kroos es m\u00e1s conocido por haber ganado el cuarto t\u00edtulo mundial de Alemania: 2014 en Brasil. Sin embargo, sus 106 partidos internacionales con la camiseta de la selecci\u00f3n tambi\u00e9n le han deparado decepciones deportivas, especialmente en el Mundial de Rusia 2018, donde la selecci\u00f3n alemana, como vigente campeona, y por primera vez en la historia en la fase de grupos de un Mundial, fracas\u00f3 en la ronda preliminar. Incluso entonces, se dice que Kroos se plante\u00f3 retirarse del combinado alem\u00e1n.<\/p>\n<p>Cuando realmente dimiti\u00f3 despu\u00e9s de la Eurocopa 2020, el presidente de honor del Bayern, Uli Hoene\u00df, reprendi\u00f3 p\u00fablicamente el estilo de juego de Toni: Kroos &#8220;no hab\u00eda perdido nada en el f\u00fatbol actual&#8221; con su juego de pases cruzados, arremeti\u00f3 Hoene\u00df en televisi\u00f3n.<\/p>\n<p>Seg\u00fan Hoene\u00df, uno de los problemas de la selecci\u00f3n alemana en la Eurocopa fue que el entonces seleccionador nacional, Joachim L\u00f6w, se empe\u00f1\u00f3 en incluir a Kroos en el centro del campo, por lo que cambi\u00f3 a una zaga de tres sin \u00e9xito. Ten\u00eda a Kroos en alta estima, dijo Hoene\u00df, pero su estilo de juego estaba &#8220;totalmente superado&#8221;. El jugador respondi\u00f3 a las cr\u00edticas con un rencoroso tuit hacia Hoene\u00df.<\/p>\n<p>Aunque su final con la camiseta nacional fue poco glorioso, Kroos es el futbolista teut\u00f3n m\u00e1s laureado a nivel de clubes: es el \u00fanico jugador alem\u00e1n que ha ganado cinco veces la Liga de Campeones: una con el FC Bayern (2013) y cuatro con el Real Madrid (2016, 2017, 2018, 2022). Tambi\u00e9n ha ganado seis Mundiales de Clubes, tres campeonatos ligas locales con el Bayern y el Real, as\u00ed como numerosos t\u00edtulos de Copa y Supercopa. Kroos ha levantado un trofeo de campe\u00f3n un total de 33 veces en su carrera.<\/p>\n<p>Exceso de oferta en el medio campo<\/p>\n<p>Su regreso a la selecci\u00f3n deber\u00eda alegrar a muchos aficionados, y preocupar a algunos de los actuales internacionales, que tambi\u00e9n juegan en la posici\u00f3n de Kroos en el centro del campo. Tras asumir el cargo, el seleccionador nacional Julian Nagelsmann decidi\u00f3 mantener como capit\u00e1n al jugador del FC Barcelona, Ilkay G\u00fcndogan.<\/p>\n<p>Kroos y G\u00fcndogan podr\u00edan jugar juntos en el centro del campo, pero se consideran tipos de jugadores similares: m\u00e1s creativos y orientados al ataque que defensivos. Anteriormente, Nagelsmann se hab\u00eda inclinado por Pascal Gro\u00df, del Brighton &amp; Hove Albion de la Premier League inglesa, mientras que Joshua Kimmich, del Bayern M\u00fanich, tambi\u00e9n hab\u00eda actuado en el centro del campo, aunque Gro\u00df convenci\u00f3 m\u00e1s que Kimmich, que lleva meses jugando por debajo de su nivel.<\/p>\n<p>Adem\u00e1s, Leon Goretzka, del Bayern, y Robert Andrich, del Bayer Leverkusen, l\u00edder de la Bundesliga, aspiraban a entrar en la convocatoria para la Eurocopa. Al parecer, Nagelsmann no convocar\u00e1 a ninguno de ellos. Al fin y al cabo, es probable que Kroos tenga un puesto fijo, pues de lo contrario dif\u00edcilmente habr\u00eda aceptado regresar.<\/p>\n<p>Sin embargo, Nagelsmann ya ha declarado que Kimmich jugar\u00e1 ahora como lateral derecho y no en su posici\u00f3n preferida en el mediocampo defensivo. Seg\u00fan Julian, ya ten\u00eda previsto colocar a Kimmich de laterial a\u00fan sin Kroos. &#8220;Con la selecci\u00f3n tienes que sacrificarte. Eres un servidor de tu pa\u00eds. Kimmich es eso&#8221;.<\/p>\n<p>Otro Toni que defiende a Kroos<\/p>\n<p>Uno de los que desde hace tiempo est\u00e1 a favor del regreso de Kroos a la selecci\u00f3n es uno de sus compa\u00f1eros en el Real Madrid: Antonio &#8220;Toni&#8221; R\u00fcdiger, seg\u00fan revel\u00f3 en una entrevista con la plataforma de streaming &#8220;DAZN&#8221; el pasado mes de diciembre. &#8220;Se lo pido todos los d\u00edas&#8221;, dijo el zaguero del Real Madrid.<\/p>\n<p>Poco antes de Navidad, Nagelsmann tambi\u00e9n describi\u00f3 en televisi\u00f3n alemana el regreso de Kroos como una &#8220;idea interesante&#8221; y dijo: &#8220;Podr\u00eda ser que lo llame de nuevo.&#8221; Finalmente lo hizo y, al parecer, no tuvo que persuadir a su jugador favorito durante mucho tiempo, y a sus compa\u00f1eros tampoco pareci\u00f3 importarles: &#8220;Habl\u00e9 con muchos jugadores por tel\u00e9fono de antemano y escuch\u00e9 atentamente si alguien podr\u00eda tener alg\u00fan problema con Kroos&#8221;, declar\u00f3 Nagelsmann a Der Spiegel. &#8220;\u00a1Al contrario! Todos se mostraron muy positivos&#8221;, se\u00f1al\u00f3.<\/p>\n<p>(ee\/aa)<\/p>\n<div class=\"venep-after-content venep-entity-placement\" id=\"venep-1349550130\"><div id=\"venep-2994642333\"><a href=\"https:\/\/veneportal.com\/clasificados\/listing\/regina-nails-by-regina-lugo\/\" aria-label=\"regina nails\"><img src=\"https:\/\/veneportal.com\/noticias\/wp-content\/uploads\/sites\/2\/2021\/07\/7.png\" alt=\"regina nails\"  width=\"300\" height=\"250\"   \/><\/a><\/div><\/div>","protected":false},"excerpt":{"rendered":"<p>La estrella del Real Madrid regresa a la selecci\u00f3n para disputar la Eurocopa de Alemania este verano. Su \u00faltimo partido fue en 2021. \u00bfQu\u00e9 significa su regreso para el equipo&hellip; <\/p>\n","protected":false},"author":505,"featured_media":56428,"comment_status":"open","ping_status":"open","sticky":false,"template":"","format":"standard","meta":{"footnotes":""},"categories":[68],"tags":[],"class_list":["post-56427","post","type-post","status-publish","format-standard","has-post-thumbnail","hentry","category-deportes"],"_links":{"self":[{"href":"https:\/\/veneportal.com\/noticias\/wp-json\/wp\/v2\/posts\/56427","targetHints":{"allow":["GET"]}}],"collection":[{"href":"https:\/\/veneportal.com\/noticias\/wp-json\/wp\/v2\/posts"}],"about":[{"href":"https:\/\/veneportal.com\/noticias\/wp-json\/wp\/v2\/types\/post"}],"author":[{"embeddable":true,"href":"https:\/\/veneportal.com\/noticias\/wp-json\/wp\/v2\/users\/505"}],"replies":[{"embeddable":true,"href":"https:\/\/veneportal.com\/noticias\/wp-json\/wp\/v2\/comments?post=56427"}],"version-history":[{"count":0,"href":"https:\/\/veneportal.com\/noticias\/wp-json\/wp\/v2\/posts\/56427\/revisions"}],"wp:featuredmedia":[{"embeddable":true,"href":"https:\/\/veneportal.com\/noticias\/wp-json\/wp\/v2\/media\/56428"}],"wp:attachment":[{"href":"https:\/\/veneportal.com\/noticias\/wp-json\/wp\/v2\/media?parent=56427"}],"wp:term":[{"taxonomy":"category","embeddable":true,"href":"https:\/\/veneportal.com\/noticias\/wp-json\/wp\/v2\/categories?post=56427"},{"taxonomy":"post_tag","embeddable":true,"href":"https:\/\/veneportal.com\/noticias\/wp-json\/wp\/v2\/tags?post=56427"}],"curies":[{"name":"wp","href":"https:\/\/api.w.org\/{rel}","templated":true}]}}