{"id":55891,"date":"2024-02-13T00:02:06","date_gmt":"2024-02-13T05:02:06","guid":{"rendered":"https:\/\/veneportal.com\/noticias\/2024\/02\/13\/argentinos-liberados-en-gaza-se-reunieron-con-sus-familiares\/"},"modified":"2024-02-13T00:02:06","modified_gmt":"2024-02-13T05:02:06","slug":"argentinos-liberados-en-gaza-se-reunieron-con-sus-familiares","status":"publish","type":"post","link":"https:\/\/veneportal.com\/noticias\/2024\/02\/13\/argentinos-liberados-en-gaza-se-reunieron-con-sus-familiares\/","title":{"rendered":"Argentinos liberados en Gaza se reunieron con sus familiares"},"content":{"rendered":"<p>Fernando Marman, de 60 a\u00f1os, y Louis Har, de 70, llevaban 128 d\u00edas secuestrados cuando fueron liberados durante una gran operaci\u00f3n nocturna en Rafah.Los dos rehenes de origen argentino liberados en Gaza por las fuerzas israel\u00edes pudieron reencontrarse con sus familiares el lunes (12.02.2024), &#8220;un milagro&#8221; por el que todav\u00eda est\u00e1n &#8220;en shock&#8221; tras cuatro meses de incertidumbre.<\/p>\n<p>Fernando Marman, de 60 a\u00f1os, y Louis Har, de 70, llevaban 128 d\u00edas secuestrados cuando fueron liberados durante una gran operaci\u00f3n nocturna en Rafah, que incluy\u00f3 bombardeos que, seg\u00fan el grupo terrorista Ham\u00e1s, dejaron un centenar de palestinos muertos.<\/p>\n<p>Los dos israelo-argentinos, secuestrados por Ham\u00e1s durante su ataque del 7 de octubre en el kibutz Nir Yitzhak (sur de Israel), fueron exfiltrados entre disparos por un comando que irrumpi\u00f3 con explosivos en el edificio donde estaban retenidos por el movimiento islamista palestino.<\/p>\n<p>Sobre las 03H15 llegaron en helic\u00f3ptero al hospital Sheba de Ramat Gan, cerca de Tel Aviv. &#8220;Alrededor de las 03H00 recibimos una llamada de las autoridades israel\u00edes, que nos dijeron: &#8216;Tenemos a Fernando y Louis, vengan a verlos al hospital&#8217;. Quedamos conmocionados. No lo esper\u00e1bamos&#8221;, explic\u00f3 Idan Bejerano, yerno de Luis Har, a los periodistas en el centro m\u00e9dico.<\/p>\n<p>&#8220;Cuando los vimos, el coraz\u00f3n lat\u00eda a mil por hora, quiz\u00e1s m\u00e1s. Hubo muchas l\u00e1grimas, abrazos y pocas palabras&#8221;, explic\u00f3 Bejerano. Tambi\u00e9n en el centro m\u00e9dico, la sobrina de Marman, Gefen Sigal Ilan, no pod\u00eda dejar de temblar tras el anuncio de la liberaci\u00f3n de su t\u00edo.<\/p>\n<p>Estoy &#8220;en shock&#8221;, &#8220;cuando lo vi, no pod\u00eda creer que fuera cierto&#8221;, declar\u00f3 la mujer de 36 a\u00f1os a la agencia AFP, visiblemente emocionada, y a\u00f1adi\u00f3 que los hombres est\u00e1n &#8220;muy delgados, muy p\u00e1lidos&#8221;.<\/p>\n<p>Para el director del hospital, Arnon Afek, &#8220;el momento m\u00e1s emotivo fueron los abrazos en silencio&#8221; durante el reencuentro. &#8220;Me acordar\u00e9 de este momento toda mi vida&#8221;, asegur\u00f3.<\/p>\n<p>A finales de noviembre, el hospital Sheba ya hab\u00eda acogido a unos treinta rehenes liberados en el marco de un acuerdo de tregua.<\/p>\n<p>Una portavoz del hospital detall\u00f3 despu\u00e9s que aunque ambos estaban &#8220;estables&#8221;, eran &#8220;evidentes&#8221; los &#8220;signos de cautiverio prolongado y la falta de atenci\u00f3n m\u00e9dica&#8221; durante su retenci\u00f3n en Gaza.<\/p>\n<p>gs (afp, reuters, agencia AJN)<\/p>\n<div class=\"venep-after-content venep-entity-placement\" id=\"venep-3574512757\"><div id=\"venep-2470387838\"><a href=\"https:\/\/veneportal.com\/precios-premium\/\" aria-label=\"anuncios digitales $1 veneportal\"><img src=\"https:\/\/veneportal.com\/noticias\/wp-content\/uploads\/sites\/2\/2021\/03\/anuncios-digitals-1.png\" alt=\"anuncios digitales $1 veneportal\"  srcset=\"https:\/\/veneportal.com\/noticias\/wp-content\/uploads\/sites\/2\/2021\/03\/anuncios-digitals-1.png 1748w, https:\/\/veneportal.com\/noticias\/wp-content\/uploads\/sites\/2\/2021\/03\/anuncios-digitals-1-300x213.png 300w, https:\/\/veneportal.com\/noticias\/wp-content\/uploads\/sites\/2\/2021\/03\/anuncios-digitals-1-1024x726.png 1024w, https:\/\/veneportal.com\/noticias\/wp-content\/uploads\/sites\/2\/2021\/03\/anuncios-digitals-1-768x545.png 768w, https:\/\/veneportal.com\/noticias\/wp-content\/uploads\/sites\/2\/2021\/03\/anuncios-digitals-1-1536x1090.png 1536w, https:\/\/veneportal.com\/noticias\/wp-content\/uploads\/sites\/2\/2021\/03\/anuncios-digitals-1-600x426.png 600w\" sizes=\"(max-width: 1748px) 100vw, 1748px\" width=\"1748\" height=\"1240\"   \/><\/a><\/div><\/div>","protected":false},"excerpt":{"rendered":"<p>Fernando Marman, de 60 a\u00f1os, y Louis Har, de 70, llevaban 128 d\u00edas secuestrados cuando fueron liberados durante una gran operaci\u00f3n nocturna en Rafah.Los dos rehenes de origen argentino liberados&hellip; <\/p>\n","protected":false},"author":505,"featured_media":55892,"comment_status":"open","ping_status":"open","sticky":false,"template":"","format":"standard","meta":{"footnotes":""},"categories":[85],"tags":[],"class_list":["post-55891","post","type-post","status-publish","format-standard","has-post-thumbnail","hentry","category-politica"],"_links":{"self":[{"href":"https:\/\/veneportal.com\/noticias\/wp-json\/wp\/v2\/posts\/55891","targetHints":{"allow":["GET"]}}],"collection":[{"href":"https:\/\/veneportal.com\/noticias\/wp-json\/wp\/v2\/posts"}],"about":[{"href":"https:\/\/veneportal.com\/noticias\/wp-json\/wp\/v2\/types\/post"}],"author":[{"embeddable":true,"href":"https:\/\/veneportal.com\/noticias\/wp-json\/wp\/v2\/users\/505"}],"replies":[{"embeddable":true,"href":"https:\/\/veneportal.com\/noticias\/wp-json\/wp\/v2\/comments?post=55891"}],"version-history":[{"count":0,"href":"https:\/\/veneportal.com\/noticias\/wp-json\/wp\/v2\/posts\/55891\/revisions"}],"wp:featuredmedia":[{"embeddable":true,"href":"https:\/\/veneportal.com\/noticias\/wp-json\/wp\/v2\/media\/55892"}],"wp:attachment":[{"href":"https:\/\/veneportal.com\/noticias\/wp-json\/wp\/v2\/media?parent=55891"}],"wp:term":[{"taxonomy":"category","embeddable":true,"href":"https:\/\/veneportal.com\/noticias\/wp-json\/wp\/v2\/categories?post=55891"},{"taxonomy":"post_tag","embeddable":true,"href":"https:\/\/veneportal.com\/noticias\/wp-json\/wp\/v2\/tags?post=55891"}],"curies":[{"name":"wp","href":"https:\/\/api.w.org\/{rel}","templated":true}]}}