{"id":55885,"date":"2024-02-12T12:00:06","date_gmt":"2024-02-12T17:00:06","guid":{"rendered":"https:\/\/veneportal.com\/noticias\/2024\/02\/12\/israel-libera-dos-rehenes-argentinos-en-rafah\/"},"modified":"2024-02-12T12:00:06","modified_gmt":"2024-02-12T17:00:06","slug":"israel-libera-dos-rehenes-argentinos-en-rafah","status":"publish","type":"post","link":"https:\/\/veneportal.com\/noticias\/2024\/02\/12\/israel-libera-dos-rehenes-argentinos-en-rafah\/","title":{"rendered":"Israel libera dos rehenes argentinos en Rafah"},"content":{"rendered":"<p>El presidente argentino Javier Milei, que hace unos d\u00edas estuvo en Israel, agradeci\u00f3 a las fuerzas de seguridad israel\u00edes &#8220;por haber culminado con \u00e9xito el rescate&#8221; de los hombres de 60 y 70 a\u00f1os de edad.Israel anunci\u00f3 este lunes (12.02.2024) que liber\u00f3 a dos rehenes de origen argentino en Rafah, el \u00faltimo objetivo de su ofensiva en la Franja de Gaza, donde el grupo terrorista palestino Ham\u00e1s afirm\u00f3 que murieron alrededor de 100 personas en un bombardeo nocturno.<\/p>\n<p>El vocero de la presidencia argentina, Manuel Adorni, confirm\u00f3 la informaci\u00f3n y la identidad de los dos liberados. &#8220;Las Fuerzas de Defensa de Israel rescataron a dos secuestrados argentinos que se encontraban en Rafah, Gaza&#8221;, indic\u00f3 Adorni en su cuenta de X.<\/p>\n<p>Por su lado, la oficina del presidente argentino Javier Milei, que hace unos d\u00edas estuvo en Israel, agradeci\u00f3 en X a las fuerzas de seguridad israel\u00edes &#8220;por haber culminado con \u00e9xito el rescate de los argentinos&#8221;, Fernando Simon Marman, de 60 a\u00f1os, y Louis Har, de 70.<\/p>\n<p>Secuestrados en el kibutz Nir Yitzhak, los dos hombres fueron trasladados al centro m\u00e9dico Sheba, en Ramat Gan, y &#8220;est\u00e1n en condici\u00f3n estable&#8221;, dijo a periodistas Arnon Afek, director del establecimiento.<\/p>\n<p>&#8220;Tres terroristas fueron abatidos en el edificio donde estaban retenidos&#8221;, precis\u00f3 el ej\u00e9rcito israel\u00ed en un primer balance.<\/p>\n<p>El primer ministro israel\u00ed Benjamin Netanyahu orden\u00f3 a su ej\u00e9rcito preparar una ofensiva sobre Rafah, en la frontera con Egipto, donde actualmente se concentra m\u00e1s de la mitad de la poblaci\u00f3n de Gaza, seg\u00fan la ONU, lo que gener\u00f3 consternaci\u00f3n en la comunidad internacional.<\/p>\n<p>afp\/reuters \/rr<\/p>\n<div class=\"venep-after-content venep-entity-placement\" id=\"venep-794758234\"><div id=\"venep-1890299777\"><a href=\"https:\/\/veneportal.com\/precios-publicidad-para-mi-negocio\/#premium\" aria-label=\"300&#215;250 Banners your door to the hispanic market\"><img src=\"https:\/\/veneportal.com\/noticias\/wp-content\/uploads\/sites\/2\/2021\/03\/300x250-Banners-your-door-to-the-hispanic-market.png\" alt=\"\"  srcset=\"https:\/\/veneportal.com\/noticias\/wp-content\/uploads\/sites\/2\/2021\/03\/300x250-Banners-your-door-to-the-hispanic-market.png 900w, https:\/\/veneportal.com\/noticias\/wp-content\/uploads\/sites\/2\/2021\/03\/300x250-Banners-your-door-to-the-hispanic-market-300x250.png 300w, https:\/\/veneportal.com\/noticias\/wp-content\/uploads\/sites\/2\/2021\/03\/300x250-Banners-your-door-to-the-hispanic-market-768x640.png 768w, https:\/\/veneportal.com\/noticias\/wp-content\/uploads\/sites\/2\/2021\/03\/300x250-Banners-your-door-to-the-hispanic-market-600x500.png 600w\" sizes=\"(max-width: 900px) 100vw, 900px\" width=\"600\" height=\"400\"   \/><\/a><\/div><\/div>","protected":false},"excerpt":{"rendered":"<p>El presidente argentino Javier Milei, que hace unos d\u00edas estuvo en Israel, agradeci\u00f3 a las fuerzas de seguridad israel\u00edes &#8220;por haber culminado con \u00e9xito el rescate&#8221; de los hombres de&hellip; <\/p>\n","protected":false},"author":505,"featured_media":55886,"comment_status":"open","ping_status":"open","sticky":false,"template":"","format":"standard","meta":{"footnotes":""},"categories":[85],"tags":[],"class_list":["post-55885","post","type-post","status-publish","format-standard","has-post-thumbnail","hentry","category-politica"],"_links":{"self":[{"href":"https:\/\/veneportal.com\/noticias\/wp-json\/wp\/v2\/posts\/55885","targetHints":{"allow":["GET"]}}],"collection":[{"href":"https:\/\/veneportal.com\/noticias\/wp-json\/wp\/v2\/posts"}],"about":[{"href":"https:\/\/veneportal.com\/noticias\/wp-json\/wp\/v2\/types\/post"}],"author":[{"embeddable":true,"href":"https:\/\/veneportal.com\/noticias\/wp-json\/wp\/v2\/users\/505"}],"replies":[{"embeddable":true,"href":"https:\/\/veneportal.com\/noticias\/wp-json\/wp\/v2\/comments?post=55885"}],"version-history":[{"count":0,"href":"https:\/\/veneportal.com\/noticias\/wp-json\/wp\/v2\/posts\/55885\/revisions"}],"wp:featuredmedia":[{"embeddable":true,"href":"https:\/\/veneportal.com\/noticias\/wp-json\/wp\/v2\/media\/55886"}],"wp:attachment":[{"href":"https:\/\/veneportal.com\/noticias\/wp-json\/wp\/v2\/media?parent=55885"}],"wp:term":[{"taxonomy":"category","embeddable":true,"href":"https:\/\/veneportal.com\/noticias\/wp-json\/wp\/v2\/categories?post=55885"},{"taxonomy":"post_tag","embeddable":true,"href":"https:\/\/veneportal.com\/noticias\/wp-json\/wp\/v2\/tags?post=55885"}],"curies":[{"name":"wp","href":"https:\/\/api.w.org\/{rel}","templated":true}]}}