{"id":55881,"date":"2024-02-12T12:00:06","date_gmt":"2024-02-12T17:00:06","guid":{"rendered":"https:\/\/veneportal.com\/noticias\/2024\/02\/12\/milei-se-reune-con-el-papa-francisco-y-le-regala-alfajores-y-galletas-de-limon\/"},"modified":"2024-04-21T13:42:30","modified_gmt":"2024-04-21T17:42:30","slug":"milei-se-reune-con-el-papa-francisco-y-le-regala-alfajores-y-galletas-de-limon","status":"publish","type":"post","link":"https:\/\/veneportal.com\/noticias\/2024\/02\/12\/milei-se-reune-con-el-papa-francisco-y-le-regala-alfajores-y-galletas-de-limon\/","title":{"rendered":"Milei se re\u00fane con el papa Francisco y le regala alfajores y galletas de lim\u00f3n"},"content":{"rendered":"<p>Los dos l\u00edderes ya se hab\u00edan visto por primera vez este domingo. Milei tambi\u00e9n le dio al sumo pont\u00edfice unas galletas de lim\u00f3n y Francisco le obsequi\u00f3 su discurso por la paz de este a\u00f1o.El presidente argentino Javier Milei fue recibido este lunes (12.02.2024) por su compatriota el papa Francisco, en una audiencia en el Vaticano destinada a estrechar la relaci\u00f3n entre dos l\u00edderes opuestos ideol\u00f3gicamente.<\/p>\n<p>El sumo pont\u00edfice y el mandatario estuvieron reunidos una hora y diez minutos en el Palacio Apost\u00f3lico, al d\u00eda siguiente de verse por primera vez en el Vaticano y de intercambiar abrazos con motivo de la canonizaci\u00f3n de Mama Antula (1730-1799), la primera santa argentina.<\/p>\n<p>En un tono m\u00e1s formal, se vieron en audiencia para hablar extendidamente y tratar de estrechar su relaci\u00f3n, despu\u00e9s de los insultos que Milei pronunci\u00f3 contra Francisco en el pasado.<\/p>\n<p>Por el momento, el Vaticano no se ha pronunciado sobre una de las grandes cuestiones que sobrevol\u00f3 la cita, el posible viaje de Francisco este a\u00f1o a Argentina, pa\u00eds que no visita desde que fue elegido al frente de la Iglesia cat\u00f3lica en 2013.<\/p>\n<p>Seg\u00fan pudo verse en un video difundido por la Santa Sede, el mandatario regal\u00f3 a su compatriota y ex arzobispo de Buenos Aires unos alfajores y unas galletas de lim\u00f3n, as\u00ed como una tarjeta postal de los Correos argentinos en honor de Mama Antula.<\/p>\n<p>A su vez, Francisco le regal\u00f3 a Milei su discurso por la paz de este a\u00f1o, que llama a regular la inteligencia artificial, y un medall\u00f3n de bronce inspirado en el baldaquino, la imponente estructura de cuatro columnas salom\u00f3nicas que cubre el altar de la Bas\u00edlica de San Pedro.<\/p>\n<p>afp\/reuters \/rr<\/p>\n<div class=\"venep-after-content venep-entity-placement\" id=\"venep-3015243879\"><div id=\"venep-1379950922\"><script async src=\"https:\/\/pagead2.googlesyndication.com\/pagead\/js\/adsbygoogle.js?client=ca-pub-5862940809620110\"\r\n     crossorigin=\"anonymous\"><\/script>\r\n<ins class=\"adsbygoogle\"\r\n     style=\"display:block\"\r\n     data-ad-format=\"fluid\"\r\n     data-ad-layout-key=\"-6t+ed+2i-1n-4w\"\r\n     data-ad-client=\"ca-pub-5862940809620110\"\r\n     data-ad-slot=\"7946604715\"><\/ins>\r\n<script>\r\n     (adsbygoogle = window.adsbygoogle || []).push({});\r\n<\/script><\/div><\/div>","protected":false},"excerpt":{"rendered":"<p>Los dos l\u00edderes ya se hab\u00edan visto por primera vez este domingo. Milei tambi\u00e9n le dio al sumo pont\u00edfice unas galletas de lim\u00f3n y Francisco le obsequi\u00f3 su discurso por&hellip; <\/p>\n","protected":false},"author":505,"featured_media":55882,"comment_status":"open","ping_status":"open","sticky":false,"template":"","format":"standard","meta":{"footnotes":""},"categories":[116,85],"tags":[],"class_list":["post-55881","post","type-post","status-publish","format-standard","has-post-thumbnail","hentry","category-iglesia-catolica","category-politica"],"_links":{"self":[{"href":"https:\/\/veneportal.com\/noticias\/wp-json\/wp\/v2\/posts\/55881","targetHints":{"allow":["GET"]}}],"collection":[{"href":"https:\/\/veneportal.com\/noticias\/wp-json\/wp\/v2\/posts"}],"about":[{"href":"https:\/\/veneportal.com\/noticias\/wp-json\/wp\/v2\/types\/post"}],"author":[{"embeddable":true,"href":"https:\/\/veneportal.com\/noticias\/wp-json\/wp\/v2\/users\/505"}],"replies":[{"embeddable":true,"href":"https:\/\/veneportal.com\/noticias\/wp-json\/wp\/v2\/comments?post=55881"}],"version-history":[{"count":1,"href":"https:\/\/veneportal.com\/noticias\/wp-json\/wp\/v2\/posts\/55881\/revisions"}],"predecessor-version":[{"id":58604,"href":"https:\/\/veneportal.com\/noticias\/wp-json\/wp\/v2\/posts\/55881\/revisions\/58604"}],"wp:featuredmedia":[{"embeddable":true,"href":"https:\/\/veneportal.com\/noticias\/wp-json\/wp\/v2\/media\/55882"}],"wp:attachment":[{"href":"https:\/\/veneportal.com\/noticias\/wp-json\/wp\/v2\/media?parent=55881"}],"wp:term":[{"taxonomy":"category","embeddable":true,"href":"https:\/\/veneportal.com\/noticias\/wp-json\/wp\/v2\/categories?post=55881"},{"taxonomy":"post_tag","embeddable":true,"href":"https:\/\/veneportal.com\/noticias\/wp-json\/wp\/v2\/tags?post=55881"}],"curies":[{"name":"wp","href":"https:\/\/api.w.org\/{rel}","templated":true}]}}