{"id":55216,"date":"2024-01-26T12:02:06","date_gmt":"2024-01-26T17:02:06","guid":{"rendered":"https:\/\/veneportal.com\/noticias\/2024\/01\/26\/lo-que-se-sabe-de-la-caida-del-avion-ruso-en-belgorod\/"},"modified":"2024-01-26T12:02:06","modified_gmt":"2024-01-26T17:02:06","slug":"lo-que-se-sabe-de-la-caida-del-avion-ruso-en-belgorod","status":"publish","type":"post","link":"https:\/\/veneportal.com\/noticias\/2024\/01\/26\/lo-que-se-sabe-de-la-caida-del-avion-ruso-en-belgorod\/","title":{"rendered":"Lo que se sabe de la ca\u00edda del avi\u00f3n ruso en B\u00e9lgorod"},"content":{"rendered":"<p>Mosc\u00fa sostiene que Ucrania derrib\u00f3 un avi\u00f3n militar II-76, a bordo del cual habr\u00eda prisioneros de guerra ucranianos. Kiev no confirma ni desmiente.Medios de prensa rusos fueron los primeros en informar el mi\u00e9rcoles (24.01.2024)  sobre la ca\u00edda de un avi\u00f3n militar ruso del tipo II-76 en la regi\u00f3n de B\u00e9lgorod. Pero hay diversas versiones sobre lo ocurrido. El Ministerio de Defensa ruso confirm\u00f3 la noticia y se\u00f1al\u00f3 que a bordo de la nave se encontraban 65 prisioneros de guerra ucranianos, que iban a ser canjeados por prisioneros rusos. Todos ellos habr\u00edan muerto, junto con tres acompa\u00f1antes y seis miembros de la tripulaci\u00f3n. Los cuerpos de tres tripulantes pudieron ser identificados, cosa que familiares corroboraron a periodistas. El gobernador de Saratov confirm\u00f3 tambi\u00e9n la muerte de otro miembro de la tripulaci\u00f3n, oriundo de esa regi\u00f3n.<\/p>\n<p>La versi\u00f3n de Mosc\u00fa<\/p>\n<p>El presidente de la Comisi\u00f3n de Defensa de la Duma, Andrej Kartapolov, dijo que, seg\u00fan la agencia estatal RIA Nowosti, presuntamente otro avi\u00f3n, con 80 prisioneros, segu\u00eda a la nave que cay\u00f3, pero logr\u00f3 &#8220;dar vuelta a tiempo\u201d.<\/p>\n<p>En Mosc\u00fa, el Ministerio de Defensa afirm\u00f3, adem\u00e1s, que el II-76 hab\u00eda sido derribado por las Fuerzas Armadas de Ucrania &#8220;para acusar a Rusia de dar muerte a militares ucranianos\u201d. Medios y blogs cercanos al gobierno ruso difunden esa versi\u00f3n profusamente. La redactora en jefe de la emisora estatal RT, Margarita Simoni\u00e1n, public\u00f3 una lista de los prisioneros que supuestamente viajaban en la nave. Sin embargo, gracias a la p\u00e1gina web del proyecto &#8220;Wartears&#8221;, que recopila datos sobre prisioneros, se constat\u00f3 que en la lista figura al menos un hombre que ya hab\u00eda sido canjeado. Las restantes afirmaciones de Simoni\u00e1n no han podido ser verificadas.<\/p>\n<p>Lo que dice Kiev<\/p>\n<p>Tambi\u00e9n los representantes de Kiev guardaron silencio al comienzo. Posteriormente, el \u00f3mbudsman y el equipo que coordina los canjes de prisioneros dijeron en Telegram que se investigar\u00edan las informaciones rusas.<\/p>\n<p>El servicio de inteligencia militar ucraniano (HUR) declar\u00f3 que estaba planeado un canje de prisioneros para el 24 de enero, pero este no se llev\u00f3 a cabo, seg\u00fan los rusos, debido al derribo del avi\u00f3n. Agreg\u00f3 que Ucrania no dispone de informaci\u00f3n fiable sobre qui\u00e9nes iban a bordo.<\/p>\n<p>De acuerdo con la publicaci\u00f3n ucraniana en l\u00ednea Ukrainska Prawda y la agencia estatal Ukrinform, que se remiten a fuentes de las Fuerzas Armadas de Ucrania, el avi\u00f3n ruso presuntamente transportaba misiles.<\/p>\n<p>La declaraci\u00f3n del comando general de las Fuerzas Armadas ucranianas no menciona a la nave rusa II-76. Solo dice que el Ej\u00e9rcito ucraniano reacciona a los continuos ataques rusos en la regi\u00f3n de J\u00e1rkov. &#8220;Las Fuerzas Armadas ucranianas seguir\u00e1n tomando medidas para destruir suministros y controlar el espacio a\u00e9reo, para eliminar la amenaza terrorista, tambi\u00e9n en la zona de B\u00e9lgorod y J\u00e1rkov\u201d, dice un comunicado.<\/p>\n<p>Versiones de prensa: transporte de armas<\/p>\n<p>Los portales rusos Mediazona e Important Stories, y tambi\u00e9n el ucraniano pandoras_box_ua informaron que el avi\u00f3n ven\u00eda, presuntamente, de la zona fronteriza, y no se dirig\u00eda hacia all\u00e1. Indicaron que eso se desprende de im\u00e1genes de la ca\u00edda, encontradas en internet.<\/p>\n<p>Seg\u00fan el canal de Telegram de pandoras_box_ua, el Il-76, de matr\u00edcula RA-78830, sobrevol\u00f3 primero Egipto, Arabia Saudita, el mar Rojo e Ir\u00e1n. En las cercan\u00edas de Siria desapareci\u00f3 del radar, y reapareci\u00f3 luego cerca de B\u00e9lgorod. &#8220;Todo parece indicar que el avi\u00f3n transportaba armas desde el Medio Oriente. Hasta ahora no hay indicios de que pudieran haber viajado en \u00e9l prisioneros\u201d, dice esa fuente ucraniana.<\/p>\n<p>La web rusa Wjorstka, cr\u00edtica con el gobierno, reporta que el Il-76, de matr\u00edcula RA- 78830, envi\u00f3 por \u00faltima vez una se\u00f1al a las 10:10 hora de Mosc\u00fa, cerca de Chipre, seg\u00fan la plataforma Flightradar. La ca\u00edda se produjo a las 11:15. &#8220;La nave no habr\u00eda podido recorrer el tramo desde Siria hasta la regi\u00f3n de B\u00e9lgorod en tan corto tiempo, indica Wjorstka.<\/p>\n<p>El presidente ucraniano, Volodimir Zelenski, pidi\u00f3 una investigaci\u00f3n internacional del caso e hizo notar que &#8220;el avi\u00f3n cay\u00f3 en territorio ruso, que est\u00e1 fuera de nuestro control\u201d.<\/p>\n<p>(ers\/cp)<\/p>\n<div class=\"venep-after-content venep-entity-placement\" id=\"venep-3970661934\"><div id=\"venep-2923469344\"><a href=\"https:\/\/veneportal.com\/precios-publicidad-para-mi-negocio\/#premium\" aria-label=\"300&#215;250 Banners your door to the hispanic market\"><img src=\"https:\/\/veneportal.com\/noticias\/wp-content\/uploads\/sites\/2\/2021\/03\/300x250-Banners-your-door-to-the-hispanic-market.png\" alt=\"\"  srcset=\"https:\/\/veneportal.com\/noticias\/wp-content\/uploads\/sites\/2\/2021\/03\/300x250-Banners-your-door-to-the-hispanic-market.png 900w, https:\/\/veneportal.com\/noticias\/wp-content\/uploads\/sites\/2\/2021\/03\/300x250-Banners-your-door-to-the-hispanic-market-300x250.png 300w, https:\/\/veneportal.com\/noticias\/wp-content\/uploads\/sites\/2\/2021\/03\/300x250-Banners-your-door-to-the-hispanic-market-768x640.png 768w, https:\/\/veneportal.com\/noticias\/wp-content\/uploads\/sites\/2\/2021\/03\/300x250-Banners-your-door-to-the-hispanic-market-600x500.png 600w\" sizes=\"(max-width: 900px) 100vw, 900px\" width=\"600\" height=\"400\"   \/><\/a><\/div><\/div>","protected":false},"excerpt":{"rendered":"<p>Mosc\u00fa sostiene que Ucrania derrib\u00f3 un avi\u00f3n militar II-76, a bordo del cual habr\u00eda prisioneros de guerra ucranianos. Kiev no confirma ni desmiente.Medios de prensa rusos fueron los primeros en&hellip; <\/p>\n","protected":false},"author":505,"featured_media":55217,"comment_status":"open","ping_status":"open","sticky":false,"template":"","format":"standard","meta":{"footnotes":""},"categories":[85],"tags":[],"class_list":["post-55216","post","type-post","status-publish","format-standard","has-post-thumbnail","hentry","category-politica"],"_links":{"self":[{"href":"https:\/\/veneportal.com\/noticias\/wp-json\/wp\/v2\/posts\/55216","targetHints":{"allow":["GET"]}}],"collection":[{"href":"https:\/\/veneportal.com\/noticias\/wp-json\/wp\/v2\/posts"}],"about":[{"href":"https:\/\/veneportal.com\/noticias\/wp-json\/wp\/v2\/types\/post"}],"author":[{"embeddable":true,"href":"https:\/\/veneportal.com\/noticias\/wp-json\/wp\/v2\/users\/505"}],"replies":[{"embeddable":true,"href":"https:\/\/veneportal.com\/noticias\/wp-json\/wp\/v2\/comments?post=55216"}],"version-history":[{"count":0,"href":"https:\/\/veneportal.com\/noticias\/wp-json\/wp\/v2\/posts\/55216\/revisions"}],"wp:featuredmedia":[{"embeddable":true,"href":"https:\/\/veneportal.com\/noticias\/wp-json\/wp\/v2\/media\/55217"}],"wp:attachment":[{"href":"https:\/\/veneportal.com\/noticias\/wp-json\/wp\/v2\/media?parent=55216"}],"wp:term":[{"taxonomy":"category","embeddable":true,"href":"https:\/\/veneportal.com\/noticias\/wp-json\/wp\/v2\/categories?post=55216"},{"taxonomy":"post_tag","embeddable":true,"href":"https:\/\/veneportal.com\/noticias\/wp-json\/wp\/v2\/tags?post=55216"}],"curies":[{"name":"wp","href":"https:\/\/api.w.org\/{rel}","templated":true}]}}