{"id":55169,"date":"2024-01-25T12:04:05","date_gmt":"2024-01-25T17:04:05","guid":{"rendered":"https:\/\/veneportal.com\/noticias\/2024\/01\/25\/marchas-contra-la-extrema-derecha-tambien-en-pequenas-localidades-de-alemania\/"},"modified":"2024-01-25T12:04:05","modified_gmt":"2024-01-25T17:04:05","slug":"marchas-contra-la-extrema-derecha-tambien-en-pequenas-localidades-de-alemania","status":"publish","type":"post","link":"https:\/\/veneportal.com\/noticias\/2024\/01\/25\/marchas-contra-la-extrema-derecha-tambien-en-pequenas-localidades-de-alemania\/","title":{"rendered":"Marchas contra la extrema derecha, tambi\u00e9n en peque\u00f1as localidades de Alemania"},"content":{"rendered":"<p>Cientos de miles de alemanes han salido a las calles para protestar contra el partido de extrema derecha AfD. En la localidad de Eitorf, se puede ver a peque\u00f1a escala lo que mueve a Alemania en grande.Justo delante de la oficina de Ayfer Evmez, en la localidad de Eitorf, cerca de Colonia, se enfrentan pol\u00edticos de Alternativa para Alemania (AfD), un partido de extrema derecha, y manifestantes antifascistas.<\/p>\n<p>Evmez tiene 48 a\u00f1os, es originaria de Turqu\u00eda e inmigr\u00f3 a Alemania cuando era un beb\u00e9. Hoy dirige un servicio asistencial que atiende a adultos mayores y enfermos en Eitorf, una ciudad de cerca de 20.000 habitantes, en el oeste de Alemania. Cuenta con 60 empleados de casi 15 diferentes pa\u00edses. <\/p>\n<p>El 23 de enero, diputados del AfD se reunieron con unos 90 militantes en el centro ciudadano de la localidad para debatir sobre lo que ellos llaman &#8220;remigraci\u00f3n&#8221;, un t\u00e9rmino que resignifican us\u00e1ndolo para denominar la expulsi\u00f3n de millones de personas de Alemania.<\/p>\n<p>Para Evmez, esto es triste e irresponsable. &#8220;Si de por s\u00ed ya tenemos problemas para encontrar suficiente personal. El nuestro tiene, en gran parte, un trasfondo migratorio. Si lo perdemos, todo el sistema se va a derrumbar. Eso no es bueno para el pa\u00eds&#8221;, dice a DW.<\/p>\n<p>&#8220;No es un fen\u00f3meno nuevo&#8221;<\/p>\n<p>La entrevistada se alegra de ver a tantos manifestantes antifascistas enfrente de su oficina. Desde la ventana se pueden ver cadenas de luces de colores, banderas de todos los partidos, desde la conservadora Uni\u00f3n Dem\u00f3crata Cristiana (CDU) hasta La Izquierda.<\/p>\n<p>Un hombre de barba gris, que no quiere revelar su nombre, asegura que vive en una regi\u00f3n d\u00f3nde la derecha est\u00e1 muy presente. Cuenta a DW que ha venido a &#8220;enviar una se\u00f1al muy clara contra el AfD&#8221;. <\/p>\n<p>Ya en los a\u00f1os 90 del siglo pasado, el hombre protest\u00f3 en contra de los partidos de extrema derecha, que se estaban fortaleciendo. &#8220;Para m\u00ed, este no es fen\u00f3meno nuevo&#8221;, sostiene. &#8220;Pero tengo la impresi\u00f3n de que ahora tambi\u00e9n la sociedad civil se ha dado cuenta de que tiene que salir a protestar&#8221;, agrega.<\/p>\n<p>Alexander Leistner, investigador de movimientos de protesta de la Universidad de Leipzig, confirma a DW que los elevados resultados del AfD en las encuestas han movilizado a muchas personas. <\/p>\n<p>Por otro lado, las investigaciones de la plataforma Correctiv sobre los planes de deportaci\u00f3n que tienen pol\u00edticos del AfD y otros grupos extremistas de derecha han abierto los ojos a muchas personas. &#8220;Cruzaron una l\u00ednea roja, y muchos se dieron cuenta de que es necesario decir que esto les parece peligroso&#8221;, explica.<\/p>\n<p>Nuevas alianzas de la sociedad civil<\/p>\n<p>Leistner observa que a las manifestaciones en las ciudades grandes les siguieron muchas protestas en ciudades m\u00e1s peque\u00f1as y municipios. Participan muchas familias, muchas personas mayores, a\u00f1ade.<\/p>\n<p>Si bien no duda que, a corto o largo plazo, las manifestaciones disminuir\u00e1n, el experto en movimientos de protesta hace hincapi\u00e9 en que est\u00e1n naciendo nuevas alianzas de la sociedad civil, sobre todo en los estados federados en los que se van a celebrar elecciones regionales, como Turingia. &#8220;Omas gegen Rechts&#8221; (Abuelas contra de la derecha), es, por ejemplo, una alianza de mujeres mayores contra la extrema derecha.<\/p>\n<p>La Polic\u00eda calcula que unos 3.000 manifestantes han salido a las calles de Eitorf, pese a la lluvia y el fr\u00edo. Entre ellos, el alcalde de Eitorf, Rainer Viehof, que no pertenece a ning\u00fan partido. &#8220;Como alcalde, me alegro de que Eitorf se ponga de pie y se pronuncie claramente en contra. Me alegro de que todas estas personas hayan venido a dar ejemplo contra el fascismo y contra el AfD&#8221;, dijo a DW.<\/p>\n<p>Cuando el diputado del Parlamento alem\u00e1n Roger Beckamp, del AfD, sale del centro ciudadano con un altavoz, el ruido de los manifestantes impide que se escuche lo que dice.<\/p>\n<p>De vuelta en el edificio, Beckamp presenta a su partido como la v\u00edctima de una campa\u00f1a medi\u00e1tica &#8220;escenificada y distorsionada&#8221;. El AfD planea expulsar a millones de personas, pero a nadie que tenga un pasaporte alem\u00e1n, sostiene.<\/p>\n<p>Para Ayfer Evmez, lo importante es que la multitud hizo escuchar su voz contra la extrema derecha. Luego de la manifestaci\u00f3n, debe seguir controlando que todos las personas a cargo de su servicio asistencial reciban el cuidado que necesitan.<\/p>\n<p>(vt\/cp)<\/p>\n<div class=\"venep-after-content venep-entity-placement\" id=\"venep-2405227080\"><div id=\"venep-2342015956\"><script async src=\"https:\/\/pagead2.googlesyndication.com\/pagead\/js\/adsbygoogle.js?client=ca-pub-5862940809620110\"\r\n     crossorigin=\"anonymous\"><\/script>\r\n<ins class=\"adsbygoogle\"\r\n     style=\"display:block\"\r\n     data-ad-format=\"fluid\"\r\n     data-ad-layout-key=\"-6t+ed+2i-1n-4w\"\r\n     data-ad-client=\"ca-pub-5862940809620110\"\r\n     data-ad-slot=\"7946604715\"><\/ins>\r\n<script>\r\n     (adsbygoogle = window.adsbygoogle || []).push({});\r\n<\/script><\/div><\/div>","protected":false},"excerpt":{"rendered":"<p>Cientos de miles de alemanes han salido a las calles para protestar contra el partido de extrema derecha AfD. En la localidad de Eitorf, se puede ver a peque\u00f1a escala&hellip; <\/p>\n","protected":false},"author":505,"featured_media":55170,"comment_status":"open","ping_status":"open","sticky":false,"template":"","format":"standard","meta":{"footnotes":""},"categories":[85],"tags":[],"class_list":["post-55169","post","type-post","status-publish","format-standard","has-post-thumbnail","hentry","category-politica"],"_links":{"self":[{"href":"https:\/\/veneportal.com\/noticias\/wp-json\/wp\/v2\/posts\/55169","targetHints":{"allow":["GET"]}}],"collection":[{"href":"https:\/\/veneportal.com\/noticias\/wp-json\/wp\/v2\/posts"}],"about":[{"href":"https:\/\/veneportal.com\/noticias\/wp-json\/wp\/v2\/types\/post"}],"author":[{"embeddable":true,"href":"https:\/\/veneportal.com\/noticias\/wp-json\/wp\/v2\/users\/505"}],"replies":[{"embeddable":true,"href":"https:\/\/veneportal.com\/noticias\/wp-json\/wp\/v2\/comments?post=55169"}],"version-history":[{"count":0,"href":"https:\/\/veneportal.com\/noticias\/wp-json\/wp\/v2\/posts\/55169\/revisions"}],"wp:featuredmedia":[{"embeddable":true,"href":"https:\/\/veneportal.com\/noticias\/wp-json\/wp\/v2\/media\/55170"}],"wp:attachment":[{"href":"https:\/\/veneportal.com\/noticias\/wp-json\/wp\/v2\/media?parent=55169"}],"wp:term":[{"taxonomy":"category","embeddable":true,"href":"https:\/\/veneportal.com\/noticias\/wp-json\/wp\/v2\/categories?post=55169"},{"taxonomy":"post_tag","embeddable":true,"href":"https:\/\/veneportal.com\/noticias\/wp-json\/wp\/v2\/tags?post=55169"}],"curies":[{"name":"wp","href":"https:\/\/api.w.org\/{rel}","templated":true}]}}