{"id":55118,"date":"2024-01-23T17:00:08","date_gmt":"2024-01-23T22:00:08","guid":{"rendered":"https:\/\/veneportal.com\/noticias\/2024\/01\/23\/cual-es-la-situacion-con-los-migrantes-en-el-paso\/"},"modified":"2024-01-23T17:00:08","modified_gmt":"2024-01-23T22:00:08","slug":"cual-es-la-situacion-con-los-migrantes-en-el-paso","status":"publish","type":"post","link":"https:\/\/veneportal.com\/noticias\/2024\/01\/23\/cual-es-la-situacion-con-los-migrantes-en-el-paso\/","title":{"rendered":"\u00bfCu\u00e1l es la situaci\u00f3n con los migrantes en El Paso?"},"content":{"rendered":"<p>[iframe src=&#8221;https:\/\/www.vozdeamerica.com\/embed\/player\/0\/7451541.html?type=video&#8221; width=&#8221;640&#8243; height=&#8221;360&#8243; frameborder=&#8221;0&#8243; scrolling=&#8221;no&#8221; allowfullscreen=&#8221;allowfullscreen&#8221;]<\/p>\n<p>Si bien en las \u00faltimas semanas ha disminuido el n\u00famero de migrantes durmiendo en las calles de la ciudad fronteriza El Paso, el miedo e incertidumbre de los que guardan esperanzas a\u00fan por llegar a EEUU se sigue percibiendo. La VOA convers\u00f3 con la representante de una ONG al respecto.<\/p>\n<div class=\"venep-after-content venep-entity-placement\" id=\"venep-3800820518\"><div id=\"venep-2052693809\"><script async src=\"https:\/\/pagead2.googlesyndication.com\/pagead\/js\/adsbygoogle.js?client=ca-pub-5862940809620110\"\r\n     crossorigin=\"anonymous\"><\/script>\r\n<ins class=\"adsbygoogle\"\r\n     style=\"display:block\"\r\n     data-ad-format=\"fluid\"\r\n     data-ad-layout-key=\"-6t+ed+2i-1n-4w\"\r\n     data-ad-client=\"ca-pub-5862940809620110\"\r\n     data-ad-slot=\"7946604715\"><\/ins>\r\n<script>\r\n     (adsbygoogle = window.adsbygoogle || []).push({});\r\n<\/script><\/div><\/div>","protected":false},"excerpt":{"rendered":"<p>\u00bfCu\u00e1l es la situaci\u00f3n con los migrantes en El Paso?Si bien en las \u00faltimas semanas ha disminuido el n\u00famero de migrantes durmiendo en las calles de la ciudad fronteriza El Paso, el miedo e incertidumbre de los que guardan esperanzas a\u00fan por llegar a EEUU se sigue percibiendo. La VOA convers\u00f3 con la representante de una ONG al respecto.<\/p>\n","protected":false},"author":1287,"featured_media":0,"comment_status":"open","ping_status":"open","sticky":false,"template":"","format":"video","meta":{"footnotes":""},"categories":[1],"tags":[],"class_list":["post-55118","post","type-post","status-publish","format-video","hentry","category-uncategorized","post_format-post-format-video"],"_links":{"self":[{"href":"https:\/\/veneportal.com\/noticias\/wp-json\/wp\/v2\/posts\/55118","targetHints":{"allow":["GET"]}}],"collection":[{"href":"https:\/\/veneportal.com\/noticias\/wp-json\/wp\/v2\/posts"}],"about":[{"href":"https:\/\/veneportal.com\/noticias\/wp-json\/wp\/v2\/types\/post"}],"author":[{"embeddable":true,"href":"https:\/\/veneportal.com\/noticias\/wp-json\/wp\/v2\/users\/1287"}],"replies":[{"embeddable":true,"href":"https:\/\/veneportal.com\/noticias\/wp-json\/wp\/v2\/comments?post=55118"}],"version-history":[{"count":0,"href":"https:\/\/veneportal.com\/noticias\/wp-json\/wp\/v2\/posts\/55118\/revisions"}],"wp:attachment":[{"href":"https:\/\/veneportal.com\/noticias\/wp-json\/wp\/v2\/media?parent=55118"}],"wp:term":[{"taxonomy":"category","embeddable":true,"href":"https:\/\/veneportal.com\/noticias\/wp-json\/wp\/v2\/categories?post=55118"},{"taxonomy":"post_tag","embeddable":true,"href":"https:\/\/veneportal.com\/noticias\/wp-json\/wp\/v2\/tags?post=55118"}],"curies":[{"name":"wp","href":"https:\/\/api.w.org\/{rel}","templated":true}]}}