{"id":54952,"date":"2024-01-18T17:02:04","date_gmt":"2024-01-18T22:02:04","guid":{"rendered":"https:\/\/veneportal.com\/noticias\/2024\/01\/18\/autoridades-ecuatorianas-investigan-asesinato-de-fiscal\/"},"modified":"2024-01-18T17:02:04","modified_gmt":"2024-01-18T22:02:04","slug":"autoridades-ecuatorianas-investigan-asesinato-de-fiscal","status":"publish","type":"post","link":"https:\/\/veneportal.com\/noticias\/2024\/01\/18\/autoridades-ecuatorianas-investigan-asesinato-de-fiscal\/","title":{"rendered":"Autoridades ecuatorianas investigan asesinato de fiscal"},"content":{"rendered":"<p>[iframe src=&#8221;https:\/\/www.vozdeamerica.com\/embed\/player\/0\/7445878.html?type=video&#8221; width=&#8221;640&#8243; height=&#8221;360&#8243; frameborder=&#8221;0&#8243; scrolling=&#8221;no&#8221; allowfullscreen=&#8221;allowfullscreen&#8221;]<\/p>\n<p>La Fiscal\u00eda de Ecuador imput\u00f3 a dos sospechosos de asesinar a tiros en Guayaquil al fiscal C\u00e9sar Su\u00e1rez, arrestados el pasado mi\u00e9rcoles por la polic\u00eda. El informe desde Quito con N\u00e9stor Aguilera.<\/p>\n<div class=\"venep-after-content venep-entity-placement\" id=\"venep-2647965717\"><div id=\"venep-4595449\"><a href=\"https:\/\/veneportal.com\/directorio\/post-an-ad\/\" aria-label=\"list your business on veneportal for free\"><img src=\"https:\/\/veneportal.com\/noticias\/wp-content\/uploads\/sites\/2\/2021\/03\/list-your-business-for-free.png\" alt=\"list your business on veneportal for free\"  srcset=\"https:\/\/veneportal.com\/noticias\/wp-content\/uploads\/sites\/2\/2021\/03\/list-your-business-for-free.png 1748w, https:\/\/veneportal.com\/noticias\/wp-content\/uploads\/sites\/2\/2021\/03\/list-your-business-for-free-300x213.png 300w, https:\/\/veneportal.com\/noticias\/wp-content\/uploads\/sites\/2\/2021\/03\/list-your-business-for-free-1024x726.png 1024w, https:\/\/veneportal.com\/noticias\/wp-content\/uploads\/sites\/2\/2021\/03\/list-your-business-for-free-768x545.png 768w, https:\/\/veneportal.com\/noticias\/wp-content\/uploads\/sites\/2\/2021\/03\/list-your-business-for-free-1536x1090.png 1536w, https:\/\/veneportal.com\/noticias\/wp-content\/uploads\/sites\/2\/2021\/03\/list-your-business-for-free-600x426.png 600w\" sizes=\"(max-width: 1748px) 100vw, 1748px\" width=\"1748\" height=\"1240\"   \/><\/a><\/div><\/div>","protected":false},"excerpt":{"rendered":"<p>Autoridades ecuatorianas investigan asesinato de fiscalLa Fiscal\u00eda de Ecuador imput\u00f3 a dos sospechosos de asesinar a tiros en Guayaquil al fiscal C\u00e9sar Su\u00e1rez, arrestados el pasado mi\u00e9rcoles por la polic\u00eda. El informe desde Quito con N\u00e9stor Aguilera.<\/p>\n","protected":false},"author":1287,"featured_media":54953,"comment_status":"open","ping_status":"open","sticky":false,"template":"","format":"video","meta":{"footnotes":""},"categories":[93],"tags":[],"class_list":["post-54952","post","type-post","status-publish","format-video","has-post-thumbnail","hentry","category-multimedia","post_format-post-format-video"],"_links":{"self":[{"href":"https:\/\/veneportal.com\/noticias\/wp-json\/wp\/v2\/posts\/54952","targetHints":{"allow":["GET"]}}],"collection":[{"href":"https:\/\/veneportal.com\/noticias\/wp-json\/wp\/v2\/posts"}],"about":[{"href":"https:\/\/veneportal.com\/noticias\/wp-json\/wp\/v2\/types\/post"}],"author":[{"embeddable":true,"href":"https:\/\/veneportal.com\/noticias\/wp-json\/wp\/v2\/users\/1287"}],"replies":[{"embeddable":true,"href":"https:\/\/veneportal.com\/noticias\/wp-json\/wp\/v2\/comments?post=54952"}],"version-history":[{"count":0,"href":"https:\/\/veneportal.com\/noticias\/wp-json\/wp\/v2\/posts\/54952\/revisions"}],"wp:featuredmedia":[{"embeddable":true,"href":"https:\/\/veneportal.com\/noticias\/wp-json\/wp\/v2\/media\/54953"}],"wp:attachment":[{"href":"https:\/\/veneportal.com\/noticias\/wp-json\/wp\/v2\/media?parent=54952"}],"wp:term":[{"taxonomy":"category","embeddable":true,"href":"https:\/\/veneportal.com\/noticias\/wp-json\/wp\/v2\/categories?post=54952"},{"taxonomy":"post_tag","embeddable":true,"href":"https:\/\/veneportal.com\/noticias\/wp-json\/wp\/v2\/tags?post=54952"}],"curies":[{"name":"wp","href":"https:\/\/api.w.org\/{rel}","templated":true}]}}