{"id":54926,"date":"2024-01-18T12:04:12","date_gmt":"2024-01-18T17:04:12","guid":{"rendered":"https:\/\/veneportal.com\/noticias\/2024\/01\/18\/milei-dice-en-davos-que-occidente-esta-en-peligro-por-el-socialismo\/"},"modified":"2024-01-18T12:04:12","modified_gmt":"2024-01-18T17:04:12","slug":"milei-dice-en-davos-que-occidente-esta-en-peligro-por-el-socialismo","status":"publish","type":"post","link":"https:\/\/veneportal.com\/noticias\/2024\/01\/18\/milei-dice-en-davos-que-occidente-esta-en-peligro-por-el-socialismo\/","title":{"rendered":"Milei dice en Davos que &#8220;Occidente est\u00e1 en peligro&#8221; por el socialismo"},"content":{"rendered":"<p>El presidente de Argentina asegur\u00f3 que el \u201cEstado no es la soluci\u00f3n, sino el problema\u201d y carg\u00f3 contra el feminismo, los pol\u00edticos y los impuestos.El presidente de Argentina, Javier Milei, advirti\u00f3 este mi\u00e9rcoles (17.01.2024) ante la \u00e9lite mundial reunida en el Foro de Davos que &#8220;Occidente est\u00e1 en peligro&#8221;, en un discurso en el que carg\u00f3 tambi\u00e9n contra la justicia social y el feminismo. Adem\u00e1s, llam\u00f3 &#8220;h\u00e9roes&#8221; a los empresarios que escuchaban su intervenci\u00f3n y afirm\u00f3 que el &#8220;Estado no es la soluci\u00f3n&#8221;, sino &#8220;el problema mismo&#8221;.<\/p>\n<p>&#8220;Aquellos que supuestamente deben defender los valores de Occidente se encuentran cooptados por una visi\u00f3n del mundo que inexorablemente conduce al socialismo, y en consecuencia, a la pobreza&#8221;, proclam\u00f3 Milei. &#8220;Ustedes son los creadores del per\u00edodo de prosperidad m\u00e1s grande que hemos vivido&#8221;, les dijo a los empresarios, despu\u00e9s de llamarlos &#8220;benefactores sociales&#8221;, por lo que les recomend\u00f3 que &#8220;no cedan al avance del Estado&#8221;.<\/p>\n<p>En un discurso de media hora, que el mandatario argentino abri\u00f3 diciendo que &#8220;Occidente est\u00e1 en peligro&#8221; por el avance del socialismo sobre el &#8220;capitalismo de libre empresa&#8221;, recomend\u00f3 a los empresarios que &#8220;no se dejen amedrentar ni por la casta pol\u00edtica ni por los par\u00e1sitos que viven del Estado&#8221;.<\/p>\n<p>Jornada agitada para Milei<\/p>\n<p>El Foro Econ\u00f3mico Mundial de Davos fue el debut internacional del mandatario argentino, que utiliz\u00f3 el estrado para presentar al mundo sus ideas libertarias bien conocidas en su pa\u00eds, pero nuevas para los l\u00edderes pol\u00edticos y empresariales del mundo all\u00ed reunidos. Ante esa selecta audiencia, afirm\u00f3 que la justicia social que &#8220;se ha puesto de moda en la \u00faltima d\u00e9cada&#8221; en realidad es &#8220;intr\u00ednsecamente injusta&#8221;, porque &#8220;el Estado se financia a trav\u00e9s de impuestos y los impuestos se cobran de manera coactiva&#8221;.<\/p>\n<p>Tambi\u00e9n carg\u00f3 contra la llamada &#8220;casta pol\u00edtica&#8221; que quiere &#8220;mantener sus privilegios&#8221;, dijo que el &#8220;feminismo radical no aport\u00f3 nada a la sociedad&#8221;, puesto que devino en la &#8220;intervenci\u00f3n del Estado para entorpecer el proceso econ\u00f3mico y darle trabajo a bur\u00f3cratas&#8221;, y critic\u00f3 la &#8220;tragedia del aborto&#8221;. Algunos en la audiencia se congregaron para estrecharle la mano y tomarse selfis con \u00e9l, mientras su discurso era felicitado por personalidades como Elon Musk y otros representantes de la derecha en las redes sociales.<\/p>\n<p>Durante la jornada, Milei se reuni\u00f3 con la directora del Fondo Monetario Internacional (FMI), Kristalina Georgieva, as\u00ed como con el secretario de Exteriores brit\u00e1nico, David Cameron, en encuentros que separadamente calific\u00f3 de &#8220;excelentes&#8221;. El mandatario argentino viaj\u00f3 al foro acompa\u00f1ado por su canciller, Diana Mondino; el ministro de Econom\u00eda, Luis Caputo; el jefe de gabinete, Nicol\u00e1s Posse, y la secretaria general de Presidencia y su hermana, Karina Milei.<\/p>\n<p>DZC (EFE, AFP)<\/p>\n<div class=\"venep-after-content venep-entity-placement\" id=\"venep-1000766051\"><div id=\"venep-420055236\"><script async src=\"https:\/\/pagead2.googlesyndication.com\/pagead\/js\/adsbygoogle.js?client=ca-pub-5862940809620110\"\r\n     crossorigin=\"anonymous\"><\/script>\r\n<ins class=\"adsbygoogle\"\r\n     style=\"display:block\"\r\n     data-ad-format=\"fluid\"\r\n     data-ad-layout-key=\"-6t+ed+2i-1n-4w\"\r\n     data-ad-client=\"ca-pub-5862940809620110\"\r\n     data-ad-slot=\"7946604715\"><\/ins>\r\n<script>\r\n     (adsbygoogle = window.adsbygoogle || []).push({});\r\n<\/script><\/div><\/div>","protected":false},"excerpt":{"rendered":"<p>El presidente de Argentina asegur\u00f3 que el \u201cEstado no es la soluci\u00f3n, sino el problema\u201d y carg\u00f3 contra el feminismo, los pol\u00edticos y los impuestos.El presidente de Argentina, Javier Milei,&hellip; <\/p>\n","protected":false},"author":505,"featured_media":0,"comment_status":"open","ping_status":"open","sticky":false,"template":"","format":"standard","meta":{"footnotes":""},"categories":[1],"tags":[],"class_list":["post-54926","post","type-post","status-publish","format-standard","hentry","category-uncategorized"],"_links":{"self":[{"href":"https:\/\/veneportal.com\/noticias\/wp-json\/wp\/v2\/posts\/54926","targetHints":{"allow":["GET"]}}],"collection":[{"href":"https:\/\/veneportal.com\/noticias\/wp-json\/wp\/v2\/posts"}],"about":[{"href":"https:\/\/veneportal.com\/noticias\/wp-json\/wp\/v2\/types\/post"}],"author":[{"embeddable":true,"href":"https:\/\/veneportal.com\/noticias\/wp-json\/wp\/v2\/users\/505"}],"replies":[{"embeddable":true,"href":"https:\/\/veneportal.com\/noticias\/wp-json\/wp\/v2\/comments?post=54926"}],"version-history":[{"count":0,"href":"https:\/\/veneportal.com\/noticias\/wp-json\/wp\/v2\/posts\/54926\/revisions"}],"wp:attachment":[{"href":"https:\/\/veneportal.com\/noticias\/wp-json\/wp\/v2\/media?parent=54926"}],"wp:term":[{"taxonomy":"category","embeddable":true,"href":"https:\/\/veneportal.com\/noticias\/wp-json\/wp\/v2\/categories?post=54926"},{"taxonomy":"post_tag","embeddable":true,"href":"https:\/\/veneportal.com\/noticias\/wp-json\/wp\/v2\/tags?post=54926"}],"curies":[{"name":"wp","href":"https:\/\/api.w.org\/{rel}","templated":true}]}}