{"id":54789,"date":"2024-01-16T00:02:31","date_gmt":"2024-01-16T05:02:31","guid":{"rendered":"https:\/\/veneportal.com\/noticias\/2024\/01\/16\/como-la-derecha-extrema-se-apodero-del-termino-remigracion\/"},"modified":"2024-04-21T13:42:33","modified_gmt":"2024-04-21T17:42:33","slug":"como-la-derecha-extrema-se-apodero-del-termino-remigracion","status":"publish","type":"post","link":"https:\/\/veneportal.com\/noticias\/2024\/01\/16\/como-la-derecha-extrema-se-apodero-del-termino-remigracion\/","title":{"rendered":"C\u00f3mo la derecha extrema se apoder\u00f3 del t\u00e9rmino &#8220;remigraci\u00f3n&#8221;"},"content":{"rendered":"<p>Es oficial: la peor expresi\u00f3n del a\u00f1o 2023 en Alemania es &#8220;remigraci\u00f3n&#8221;. Los extremistas de derecha la utilizan para describir planes que no tienen nada en com\u00fan con el significado original de la palabra.En Alemania, la &#8220;peor expresi\u00f3n del a\u00f1o&#8221;, se proclama todos los a\u00f1os desde 1991 a partir de una iniciativa de un grupo de fil\u00f3logos, y su difusi\u00f3n alcanza un amplio eco en los medios informativos germanos.<\/p>\n<p>La palabra elegida por el jurado para 2023 es, en realidad, un t\u00e9rmino cient\u00edfico poco emocionante: los soci\u00f3logos utilizan el t\u00e9rmino &#8220;remigraci\u00f3n&#8221; para describir el fen\u00f3meno de las personas que regresan a su pa\u00eds de origen tras un periodo viviendo en el extranjero. Esto puede ser en respuesta a un cambio en la situaci\u00f3n pol\u00edtica local, por ejemplo cuando termina una guerra o se sustituye un r\u00e9gimen. La remigraci\u00f3n tambi\u00e9n puede ser forzosa, es decir, el resultado de una deportaci\u00f3n o expulsi\u00f3n.<\/p>\n<p>En su uso original, el t\u00e9rmino &#8220;remigraci\u00f3n&#8221; en absoluto designa un proceso controlado por el Estado en el que las personas son arrancadas de su entorno familiar contra su voluntad, posiblemente para ser expulsadas a la fuerza del pa\u00eds. Esto es exactamente lo que describen con &#8220;remigraci\u00f3n&#8221; los extremistas de derechas, que debatieron en secreto tales planes en noviembre de 2023, en la localidad de Potsdam.<\/p>\n<p>A la reuni\u00f3n en Potsdam, que fue destapada por la red de investigaci\u00f3n Correctiv la semana pasada, asistieron tambi\u00e9n representantes del partido AfD, que ha sido catalogado por la Oficina Alemana para la Protecci\u00f3n de la Constituci\u00f3n como formaci\u00f3n de extrema derecha. Actualmente, la AfD est\u00e1 subiendo como la espuma en las encuestas y podr\u00eda incluso convertirse en la fuerza m\u00e1s fuerte en las elecciones de tres estados federados del este de Alemania.<\/p>\n<p>Limpieza \u00e9tnica de la naci\u00f3n de elementos for\u00e1neos<\/p>\n<p>De este modo, los extremistas de derecha sacan de contexto un t\u00e9rmino cient\u00edfico serio y se lo apropian para sus fines pol\u00edticos: esto es lo que quiere se\u00f1alar el jurado de fil\u00f3logos con su decisi\u00f3n. <\/p>\n<p>Ruprecht Polenz, exsecretario general del partido conservador CDU, fue uno de los jueces invitados que decidieron el t\u00e9rmino este a\u00f1o. Polenz espera que, con la elecci\u00f3n de &#8220;remigraci\u00f3n&#8221; como peor expresi\u00f3n, la gente se d\u00e9 cuenta de c\u00f3mo se est\u00e1 usando la palabra: &#8220;Los nacionalistas \u00e9tnicos de la AfD y el movimiento identitario utilizan el t\u00e9rmino inofensivo de la &#8216;remigraci\u00f3n&#8217; para ocultar sus verdaderas intenciones: la deportaci\u00f3n de todas las personas con un color de piel o un origen no deseados, aunque sean ciudadanos alemanes&#8221;, explica Polenz.<\/p>\n<p>La AfD lleva tiempo utilizando la palabra<\/p>\n<p>Desde las revelaciones de Correctiv, se ha producido un amplio debate en Alemania sobre la reuni\u00f3n secreta y, por tanto, tambi\u00e9n sobre el t\u00e9rmino &#8220;remigraci\u00f3n&#8221;. Los extremistas de derechas llevan tiempo utiliz\u00e1ndolo: &#8220;Los grupos de derechas llevan desde 2016 intentando apropiarse ideol\u00f3gicamente y reinterpretar la palabra, que tiene su origen en la investigaci\u00f3n sobre la migraci\u00f3n&#8221;, dijo la Agencia Cat\u00f3lica de Noticias citando a Constanze Spie\u00df, portavoz del jurado.<\/p>\n<p>Seg\u00fan cifras de la Oficina Federal de Administraci\u00f3n, a mediados de 2023 ten\u00edan que abandonar el pa\u00eds casi 280.000 personas en Alemania, la mayor\u00eda de las cuales ten\u00edan un permiso de estancia tolerada, un certificado que aplaza la expulsi\u00f3n. Al final, s\u00f3lo 54.330 personas se vieron obligadas a abandonar el pa\u00eds.<\/p>\n<p>Estas cifras demuestran claramente lo que tambi\u00e9n fue el tema de la reuni\u00f3n de Potsdam: quien pide &#8220;la remigraci\u00f3n de millones&#8221; se refiere a la expulsi\u00f3n de personas a las que la legislaci\u00f3n actual permite vivir en Alemania de forma permanente.<\/p>\n<p>Los expertos alertan contra la trivializaci\u00f3n<\/p>\n<p>Por ello, los expertos advierten de que la palabra &#8220;remigraci\u00f3n&#8221; pretende trivializar las intenciones de los extremistas de derechas. La agencia de noticias epd cita de la siguiente manera a Alice Blum, investigadora del extremismo en Fr\u00e1ncfort: &#8220;El t\u00e9rmino, que inicialmente suena inofensivo, se utiliza para promover pol\u00edticas que son muy peligrosas&#8221;.<\/p>\n<p>Para Blum, quienes utilizan la palabra &#8220;remigraci\u00f3n&#8221; de esta forma, aparentemente inofensiva, o la difunden en sus reportajes de forma acr\u00edtica, estar\u00edan encubriendo las exigencias violentas y amenazadoras de la nueva derecha que se asocian con el vocablo en cuesti\u00f3n.<\/p>\n<p>(gg\/ms)<\/p>\n<div class=\"venep-after-content venep-entity-placement\" id=\"venep-623865712\"><div id=\"venep-2193370986\"><a href=\"https:\/\/veneportal.com\/como-aparecer-en-google\/\" aria-label=\"attention-attention (1)\"><img src=\"https:\/\/veneportal.com\/noticias\/wp-content\/uploads\/sites\/2\/2021\/03\/attention-attention-1.png\" alt=\"\"  srcset=\"https:\/\/veneportal.com\/noticias\/wp-content\/uploads\/sites\/2\/2021\/03\/attention-attention-1.png 1747w, https:\/\/veneportal.com\/noticias\/wp-content\/uploads\/sites\/2\/2021\/03\/attention-attention-1-300x213.png 300w, https:\/\/veneportal.com\/noticias\/wp-content\/uploads\/sites\/2\/2021\/03\/attention-attention-1-1024x727.png 1024w, https:\/\/veneportal.com\/noticias\/wp-content\/uploads\/sites\/2\/2021\/03\/attention-attention-1-768x545.png 768w, https:\/\/veneportal.com\/noticias\/wp-content\/uploads\/sites\/2\/2021\/03\/attention-attention-1-1536x1090.png 1536w, https:\/\/veneportal.com\/noticias\/wp-content\/uploads\/sites\/2\/2021\/03\/attention-attention-1-600x426.png 600w\" sizes=\"(max-width: 1747px) 100vw, 1747px\" width=\"600\" height=\"400\"   \/><\/a><\/div><\/div>","protected":false},"excerpt":{"rendered":"<p>Es oficial: la peor expresi\u00f3n del a\u00f1o 2023 en Alemania es &#8220;remigraci\u00f3n&#8221;. Los extremistas de derecha la utilizan para describir planes que no tienen nada en com\u00fan con el significado&hellip; <\/p>\n","protected":false},"author":505,"featured_media":54790,"comment_status":"open","ping_status":"open","sticky":false,"template":"","format":"standard","meta":{"footnotes":""},"categories":[116,85],"tags":[],"class_list":["post-54789","post","type-post","status-publish","format-standard","has-post-thumbnail","hentry","category-iglesia-catolica","category-politica"],"_links":{"self":[{"href":"https:\/\/veneportal.com\/noticias\/wp-json\/wp\/v2\/posts\/54789","targetHints":{"allow":["GET"]}}],"collection":[{"href":"https:\/\/veneportal.com\/noticias\/wp-json\/wp\/v2\/posts"}],"about":[{"href":"https:\/\/veneportal.com\/noticias\/wp-json\/wp\/v2\/types\/post"}],"author":[{"embeddable":true,"href":"https:\/\/veneportal.com\/noticias\/wp-json\/wp\/v2\/users\/505"}],"replies":[{"embeddable":true,"href":"https:\/\/veneportal.com\/noticias\/wp-json\/wp\/v2\/comments?post=54789"}],"version-history":[{"count":1,"href":"https:\/\/veneportal.com\/noticias\/wp-json\/wp\/v2\/posts\/54789\/revisions"}],"predecessor-version":[{"id":58608,"href":"https:\/\/veneportal.com\/noticias\/wp-json\/wp\/v2\/posts\/54789\/revisions\/58608"}],"wp:featuredmedia":[{"embeddable":true,"href":"https:\/\/veneportal.com\/noticias\/wp-json\/wp\/v2\/media\/54790"}],"wp:attachment":[{"href":"https:\/\/veneportal.com\/noticias\/wp-json\/wp\/v2\/media?parent=54789"}],"wp:term":[{"taxonomy":"category","embeddable":true,"href":"https:\/\/veneportal.com\/noticias\/wp-json\/wp\/v2\/categories?post=54789"},{"taxonomy":"post_tag","embeddable":true,"href":"https:\/\/veneportal.com\/noticias\/wp-json\/wp\/v2\/tags?post=54789"}],"curies":[{"name":"wp","href":"https:\/\/api.w.org\/{rel}","templated":true}]}}