{"id":54785,"date":"2024-01-15T17:08:06","date_gmt":"2024-01-15T22:08:06","guid":{"rendered":"https:\/\/veneportal.com\/noticias\/2024\/01\/15\/inmigrantes-duermen-en-autobuses-publicos-en-chicago\/"},"modified":"2024-01-15T17:08:06","modified_gmt":"2024-01-15T22:08:06","slug":"inmigrantes-duermen-en-autobuses-publicos-en-chicago","status":"publish","type":"post","link":"https:\/\/veneportal.com\/noticias\/2024\/01\/15\/inmigrantes-duermen-en-autobuses-publicos-en-chicago\/","title":{"rendered":"Inmigrantes duermen en autobuses p\u00fablicos en Chicago"},"content":{"rendered":"<p>[iframe src=&#8221;https:\/\/www.vozdeamerica.com\/embed\/player\/0\/7440832.html?type=video&#8221; width=&#8221;640&#8243; height=&#8221;360&#8243; frameborder=&#8221;0&#8243; scrolling=&#8221;no&#8221; allowfullscreen=&#8221;allowfullscreen&#8221;]<\/p>\n<p>Los albergues creados para alojar inmigrantes en Chicago ya no tienen capacidad para m\u00e1s personas. Por eso los reci\u00e9n llegados se ven obligados a pasar la noche en autobuses de transporte p\u00fablico, mientras se abre espacio en alg\u00fan albergue. Enrique Garc\u00eda Fuentes con el reporte.<\/p>\n<div class=\"venep-after-content venep-entity-placement\" id=\"venep-3827348011\"><div id=\"venep-3734956292\"><script async src=\"https:\/\/pagead2.googlesyndication.com\/pagead\/js\/adsbygoogle.js?client=ca-pub-5862940809620110\"\r\n     crossorigin=\"anonymous\"><\/script>\r\n<ins class=\"adsbygoogle\"\r\n     style=\"display:block\"\r\n     data-ad-format=\"fluid\"\r\n     data-ad-layout-key=\"-6t+ed+2i-1n-4w\"\r\n     data-ad-client=\"ca-pub-5862940809620110\"\r\n     data-ad-slot=\"7946604715\"><\/ins>\r\n<script>\r\n     (adsbygoogle = window.adsbygoogle || []).push({});\r\n<\/script><\/div><\/div>","protected":false},"excerpt":{"rendered":"<p>Inmigrantes duermen en autobuses p\u00fablicos en ChicagoLos albergues creados para alojar inmigrantes en Chicago ya no tienen capacidad para m\u00e1s personas. Por eso los reci\u00e9n llegados se ven obligados a pasar la noche en autobuses de transporte p\u00fablico, mientras se abre espacio en alg\u00fan albergue. Enrique Garc\u00eda Fuentes con el reporte.<\/p>\n","protected":false},"author":1287,"featured_media":54786,"comment_status":"open","ping_status":"open","sticky":false,"template":"","format":"video","meta":{"footnotes":""},"categories":[93],"tags":[],"class_list":["post-54785","post","type-post","status-publish","format-video","has-post-thumbnail","hentry","category-multimedia","post_format-post-format-video"],"_links":{"self":[{"href":"https:\/\/veneportal.com\/noticias\/wp-json\/wp\/v2\/posts\/54785","targetHints":{"allow":["GET"]}}],"collection":[{"href":"https:\/\/veneportal.com\/noticias\/wp-json\/wp\/v2\/posts"}],"about":[{"href":"https:\/\/veneportal.com\/noticias\/wp-json\/wp\/v2\/types\/post"}],"author":[{"embeddable":true,"href":"https:\/\/veneportal.com\/noticias\/wp-json\/wp\/v2\/users\/1287"}],"replies":[{"embeddable":true,"href":"https:\/\/veneportal.com\/noticias\/wp-json\/wp\/v2\/comments?post=54785"}],"version-history":[{"count":0,"href":"https:\/\/veneportal.com\/noticias\/wp-json\/wp\/v2\/posts\/54785\/revisions"}],"wp:featuredmedia":[{"embeddable":true,"href":"https:\/\/veneportal.com\/noticias\/wp-json\/wp\/v2\/media\/54786"}],"wp:attachment":[{"href":"https:\/\/veneportal.com\/noticias\/wp-json\/wp\/v2\/media?parent=54785"}],"wp:term":[{"taxonomy":"category","embeddable":true,"href":"https:\/\/veneportal.com\/noticias\/wp-json\/wp\/v2\/categories?post=54785"},{"taxonomy":"post_tag","embeddable":true,"href":"https:\/\/veneportal.com\/noticias\/wp-json\/wp\/v2\/tags?post=54785"}],"curies":[{"name":"wp","href":"https:\/\/api.w.org\/{rel}","templated":true}]}}