{"id":54476,"date":"2024-01-08T12:04:10","date_gmt":"2024-01-08T17:04:10","guid":{"rendered":"https:\/\/veneportal.com\/noticias\/2024\/01\/08\/el-papa-francisco-pide-la-prohibicion-universal-de-la-maternidad-subrogada\/"},"modified":"2024-04-21T13:42:34","modified_gmt":"2024-04-21T17:42:34","slug":"el-papa-francisco-pide-la-prohibicion-universal-de-la-maternidad-subrogada","status":"publish","type":"post","link":"https:\/\/veneportal.com\/noticias\/2024\/01\/08\/el-papa-francisco-pide-la-prohibicion-universal-de-la-maternidad-subrogada\/","title":{"rendered":"El papa Francisco pide &#8220;la prohibici\u00f3n universal&#8221; de la maternidad subrogada"},"content":{"rendered":"<p>En su reuni\u00f3n anual con el cuerpo diplom\u00e1tico acreditado ante la Santa Sede, el pont\u00edfice tambi\u00e9n critic\u00f3 con fuerza &#8220;la teor\u00eda de g\u00e9nero&#8221;, que consider\u00f3 &#8220;extremadamente peligrosa&#8221;.El papa Francisco calific\u00f3 este lunes (08.01.2024) de &#8220;deplorable&#8221; la maternidad subrogada, a la que consider\u00f3 una &#8220;comercializaci\u00f3n&#8221; del cuerpo humano, e hizo un llamamiento &#8220;para que la comunidad internacional se comprometa a prohibir universalmente esta pr\u00e1ctica&#8221;, en el tradicional discurso de comienzos de a\u00f1o ante el cuerpo diplom\u00e1tico acreditado en el Vaticano.<\/p>\n<p>&#8220;El camino hacia la paz exige el respeto de la vida, de toda vida humana, empezando por la del ni\u00f1o no nacido en el seno materno, que no puede ser suprimida ni convertirse en un producto comercial. En este sentido, considero deplorable la pr\u00e1ctica de la llamada maternidad subrogada&#8221;, asegur\u00f3. En su opini\u00f3n, no solo &#8220;ofende gravemente la dignidad de la mujer y del ni\u00f1o&#8221;, sino que &#8220;se basa en la explotaci\u00f3n de la situaci\u00f3n de necesidad material de la madre&#8221;.<\/p>\n<p>Una t\u00e9cnica autorizada en pocos pa\u00edses del mundo<\/p>\n<p>La Iglesia cat\u00f3lica se opone a esta t\u00e9cnica de procreaci\u00f3n m\u00e9dicamente asistida, conocida tambi\u00e9n como &#8220;vientre de alquiler&#8221;, que consiste en implantar un embri\u00f3n en el \u00fatero de una gestante subrogada, que entrega al beb\u00e9 a la pareja solicitante tras el nacimiento. En junio de 2022, el Papa argentino ya hab\u00eda calificado la gestaci\u00f3n subrogada de &#8220;pr\u00e1ctica inhumana&#8221;. Pocos pa\u00edses del mundo la autorizan y cuando lo hacen es sobre una base &#8220;altruista&#8221;, es decir sin que haya una compensaci\u00f3n financiera de por medio. La gestaci\u00f3n subrogada comercial, es decir en la que la gestante obtiene una contraprestaci\u00f3n econ\u00f3mica, es autorizada en algunos estados de Estados Unidos.<\/p>\n<p>&#8220;Un hijo es siempre un don y nunca el objeto de un contrato. Por ello, hago un llamamiento para que la comunidad internacional se comprometa a prohibir universalmente esta pr\u00e1ctica&#8221; dijo. Francisco insisti\u00f3 en que &#8220;en cada momento de su existencia, la vida humana debe ser preservada y tutelada, aunque constato, con pesar, especialmente en Occidente, la persistente difusi\u00f3n de una cultura de la muerte que, en nombre de una falsa compasi\u00f3n, descarta a los ni\u00f1os, los ancianos y los enfermos&#8221;.<\/p>\n<p>En contra de la &#8220;teor\u00eda de g\u00e9nero&#8221;<\/p>\n<p>El pont\u00edfice tambi\u00e9n critic\u00f3 con fuerza &#8220;la teor\u00eda de g\u00e9nero&#8221;, que consider\u00f3 &#8220;extremadamente peligrosa&#8221;. &#8220;Desgraciadamente, los intentos que se han producido en las \u00faltimas d\u00e9cadas de introducir nuevos derechos, no del todo compatibles respecto a los definidos originalmente y no siempre aceptables, han dado lugar a colonizaciones ideol\u00f3gicas&#8221;, dijo,<\/p>\n<p>Y entre ellas &#8220;ocupa un lugar central la teor\u00eda de g\u00e9nero, que es extremadamente peligrosa porque borra las diferencias en su pretensi\u00f3n de igualar a todos. Tales colonizaciones ideol\u00f3gicas provocan heridas y divisiones entre los Estados, en lugar de favorecer la construcci\u00f3n de la paz&#8221;, asever\u00f3.<\/p>\n<p>lgc (efe,afp)<\/p>\n<div class=\"venep-after-content venep-entity-placement\" id=\"venep-4060333023\"><div id=\"venep-828809844\"><script async src=\"https:\/\/pagead2.googlesyndication.com\/pagead\/js\/adsbygoogle.js?client=ca-pub-5862940809620110\"\r\n     crossorigin=\"anonymous\"><\/script>\r\n<ins class=\"adsbygoogle\"\r\n     style=\"display:block\"\r\n     data-ad-format=\"fluid\"\r\n     data-ad-layout-key=\"-6t+ed+2i-1n-4w\"\r\n     data-ad-client=\"ca-pub-5862940809620110\"\r\n     data-ad-slot=\"7946604715\"><\/ins>\r\n<script>\r\n     (adsbygoogle = window.adsbygoogle || []).push({});\r\n<\/script><\/div><\/div>","protected":false},"excerpt":{"rendered":"<p>En su reuni\u00f3n anual con el cuerpo diplom\u00e1tico acreditado ante la Santa Sede, el pont\u00edfice tambi\u00e9n critic\u00f3 con fuerza &#8220;la teor\u00eda de g\u00e9nero&#8221;, que consider\u00f3 &#8220;extremadamente peligrosa&#8221;.El papa Francisco calific\u00f3&hellip; <\/p>\n","protected":false},"author":505,"featured_media":54477,"comment_status":"open","ping_status":"open","sticky":false,"template":"","format":"standard","meta":{"footnotes":""},"categories":[116,85],"tags":[],"class_list":["post-54476","post","type-post","status-publish","format-standard","has-post-thumbnail","hentry","category-iglesia-catolica","category-politica"],"_links":{"self":[{"href":"https:\/\/veneportal.com\/noticias\/wp-json\/wp\/v2\/posts\/54476","targetHints":{"allow":["GET"]}}],"collection":[{"href":"https:\/\/veneportal.com\/noticias\/wp-json\/wp\/v2\/posts"}],"about":[{"href":"https:\/\/veneportal.com\/noticias\/wp-json\/wp\/v2\/types\/post"}],"author":[{"embeddable":true,"href":"https:\/\/veneportal.com\/noticias\/wp-json\/wp\/v2\/users\/505"}],"replies":[{"embeddable":true,"href":"https:\/\/veneportal.com\/noticias\/wp-json\/wp\/v2\/comments?post=54476"}],"version-history":[{"count":1,"href":"https:\/\/veneportal.com\/noticias\/wp-json\/wp\/v2\/posts\/54476\/revisions"}],"predecessor-version":[{"id":58610,"href":"https:\/\/veneportal.com\/noticias\/wp-json\/wp\/v2\/posts\/54476\/revisions\/58610"}],"wp:featuredmedia":[{"embeddable":true,"href":"https:\/\/veneportal.com\/noticias\/wp-json\/wp\/v2\/media\/54477"}],"wp:attachment":[{"href":"https:\/\/veneportal.com\/noticias\/wp-json\/wp\/v2\/media?parent=54476"}],"wp:term":[{"taxonomy":"category","embeddable":true,"href":"https:\/\/veneportal.com\/noticias\/wp-json\/wp\/v2\/categories?post=54476"},{"taxonomy":"post_tag","embeddable":true,"href":"https:\/\/veneportal.com\/noticias\/wp-json\/wp\/v2\/tags?post=54476"}],"curies":[{"name":"wp","href":"https:\/\/api.w.org\/{rel}","templated":true}]}}