{"id":54180,"date":"2023-12-31T12:04:11","date_gmt":"2023-12-31T17:04:11","guid":{"rendered":"https:\/\/veneportal.com\/noticias\/2023\/12\/31\/scholz-visita-zonas-afectadas-por-las-inundaciones-en-alemania\/"},"modified":"2023-12-31T12:04:11","modified_gmt":"2023-12-31T17:04:11","slug":"scholz-visita-zonas-afectadas-por-las-inundaciones-en-alemania","status":"publish","type":"post","link":"https:\/\/veneportal.com\/noticias\/2023\/12\/31\/scholz-visita-zonas-afectadas-por-las-inundaciones-en-alemania\/","title":{"rendered":"Scholz visita zonas afectadas por las inundaciones en Alemania"},"content":{"rendered":"<p>El canciller viaja a la ciudad de Verden, en la Baja Sajonia, una regi\u00f3n fuertemente afectada por las lluvias. Las autoridades regionales han mostrado su preocupaci\u00f3n por el reblandecimiento de los diques.Se espera que el canciller alem\u00e1n Olaf Scholz visite las zonas afectadas por las inundaciones en el estado de Baja Sajonia, seg\u00fan informaron las autoridades locales este domingo (31.12.2023) por la ma\u00f1ana.<\/p>\n<p>Scholz viajar\u00e1 a la ciudad de Verden, a unos 90 kil\u00f3metros al noroeste de Hannover, acompa\u00f1ado del primer Ministro del Estado federado, Stephan Weil, y la ministra del Interior, Daniela Behrens, lugar donde miles de efectivos de emergencia llevan d\u00edas luchando contra las lluvias torrenciales.<\/p>\n<p>Las precipitaciones han causado estragos en varias zonas de Alemania, especialmente en Baja Sajonia, el sur de Sajonia-Anhalt, en la frontera con Turingia, y Renania del Norte-Westfalia. Tras una ligera disminuci\u00f3n de las lluvias, los meteor\u00f3logos esperan m\u00e1s precipitaciones en los pr\u00f3ximos d\u00edas, lo que hace temer que el nivel de los r\u00edos vuelva a subir. Las autoridades, por su parte, tambi\u00e9n han mostrado su preocupaci\u00f3n por el reblandecimiento de los diques.<\/p>\n<p>Scholz sobrevolar\u00e1 primero las zonas especialmente afectadas del norte de Baja Sajonia y poco despu\u00e9s acudir\u00e1 a Verden, a su paso por el r\u00edo Aller. Se espera que el canciller hable con los ciudadanos afectados por las inundaciones, antes de dar las gracias a los miembros de las fuerzas de emergencia, que probablemente pasen la Nochevieja en Verden luchando contra el paso del agua.<\/p>\n<p>aa (dpa,afp)<\/p>\n<div class=\"venep-after-content venep-entity-placement\" id=\"venep-1450293460\"><div id=\"venep-3522923539\"><script async src=\"https:\/\/pagead2.googlesyndication.com\/pagead\/js\/adsbygoogle.js?client=ca-pub-5862940809620110\"\r\n     crossorigin=\"anonymous\"><\/script>\r\n<ins class=\"adsbygoogle\"\r\n     style=\"display:block\"\r\n     data-ad-format=\"fluid\"\r\n     data-ad-layout-key=\"-6t+ed+2i-1n-4w\"\r\n     data-ad-client=\"ca-pub-5862940809620110\"\r\n     data-ad-slot=\"7946604715\"><\/ins>\r\n<script>\r\n     (adsbygoogle = window.adsbygoogle || []).push({});\r\n<\/script><\/div><\/div>","protected":false},"excerpt":{"rendered":"<p>El canciller viaja a la ciudad de Verden, en la Baja Sajonia, una regi\u00f3n fuertemente afectada por las lluvias. Las autoridades regionales han mostrado su preocupaci\u00f3n por el reblandecimiento de&hellip; <\/p>\n","protected":false},"author":505,"featured_media":54181,"comment_status":"open","ping_status":"open","sticky":false,"template":"","format":"standard","meta":{"footnotes":""},"categories":[85],"tags":[],"class_list":["post-54180","post","type-post","status-publish","format-standard","has-post-thumbnail","hentry","category-politica"],"_links":{"self":[{"href":"https:\/\/veneportal.com\/noticias\/wp-json\/wp\/v2\/posts\/54180","targetHints":{"allow":["GET"]}}],"collection":[{"href":"https:\/\/veneportal.com\/noticias\/wp-json\/wp\/v2\/posts"}],"about":[{"href":"https:\/\/veneportal.com\/noticias\/wp-json\/wp\/v2\/types\/post"}],"author":[{"embeddable":true,"href":"https:\/\/veneportal.com\/noticias\/wp-json\/wp\/v2\/users\/505"}],"replies":[{"embeddable":true,"href":"https:\/\/veneportal.com\/noticias\/wp-json\/wp\/v2\/comments?post=54180"}],"version-history":[{"count":0,"href":"https:\/\/veneportal.com\/noticias\/wp-json\/wp\/v2\/posts\/54180\/revisions"}],"wp:featuredmedia":[{"embeddable":true,"href":"https:\/\/veneportal.com\/noticias\/wp-json\/wp\/v2\/media\/54181"}],"wp:attachment":[{"href":"https:\/\/veneportal.com\/noticias\/wp-json\/wp\/v2\/media?parent=54180"}],"wp:term":[{"taxonomy":"category","embeddable":true,"href":"https:\/\/veneportal.com\/noticias\/wp-json\/wp\/v2\/categories?post=54180"},{"taxonomy":"post_tag","embeddable":true,"href":"https:\/\/veneportal.com\/noticias\/wp-json\/wp\/v2\/tags?post=54180"}],"curies":[{"name":"wp","href":"https:\/\/api.w.org\/{rel}","templated":true}]}}