{"id":54156,"date":"2023-12-31T00:02:07","date_gmt":"2023-12-31T05:02:07","guid":{"rendered":"https:\/\/veneportal.com\/noticias\/2023\/12\/31\/rumania-y-bulgaria-entraran-gradualmente-al-espacio-schengen\/"},"modified":"2023-12-31T00:02:07","modified_gmt":"2023-12-31T05:02:07","slug":"rumania-y-bulgaria-entraran-gradualmente-al-espacio-schengen","status":"publish","type":"post","link":"https:\/\/veneportal.com\/noticias\/2023\/12\/31\/rumania-y-bulgaria-entraran-gradualmente-al-espacio-schengen\/","title":{"rendered":"Ruman\u00eda y Bulgaria entrar\u00e1n gradualmente al espacio Schengen"},"content":{"rendered":"<p>La UE dio luz verde para que ambos pa\u00edses se unan al espacio libre de controles en las fronteras internas a partir de marzo.Los pa\u00edses de la Uni\u00f3n Europea (UE) acordaron este s\u00e1bado (30.12.2023), por unanimidad, el ingreso gradual de Ruman\u00eda y Bulgaria en el espacio de libre circulaci\u00f3n Schengen despu\u00e9s de que Austria, el \u00faltimo pa\u00eds de los Veintisiete que se opon\u00eda a la medida, levantara su veto.<\/p>\n<p>La decisi\u00f3n implica que, a partir de marzo, se eliminar\u00e1n los controles en las fronteras interiores a\u00e9reas y mar\u00edtimas con esos dos pa\u00edses -que ingresaron en la UE en 2007-, con el compromiso adem\u00e1s de Austria, Bulgaria y Ruman\u00eda de acordar m\u00e1s tarde la fecha del fin de los controles terrestres, inform\u00f3 la presidencia espa\u00f1ola de turno del Consejo de la UE.<\/p>\n<p>&#8220;Enhorabuena a los ciudadanos de Ruman\u00eda y Bulgaria por la extensi\u00f3n de Schengen para los pasajeros de transporte mar\u00edtimo y a\u00e9reo&#8221;, indic\u00f3 el presidente del Consejo Europeo, Charles Michel, a trav\u00e9s de su perfil en la red social X.<\/p>\n<p>Michel apunt\u00f3 que se trata de &#8220;un paso esperado hace tiempo por los ciudadanos rumanos y b\u00falgaros para disfrutar de una libertad de movimiento m\u00e1s f\u00e1cil, con la perspectiva del transporte terrestre por llegar&#8221;.<\/p>\n<p>Un momento hist\u00f3rico<\/p>\n<p>&#8220;Hoy es un momento hist\u00f3rico para Bulgaria y Ruman\u00eda. Y un d\u00eda de gran orgullo para los ciudadanos rumanos y b\u00falgaros&#8221;, declar\u00f3 en un comunicado la presidenta de la Comisi\u00f3n Europea, Ursula von der Leyen, quien elogi\u00f3 de los dos pa\u00edses el &#8220;duro trabajo, compromiso y perseverancia&#8221;.<\/p>\n<p>La presidenta del Parlamento Europeo, Roberta Metsola, dijo en X que la decisi\u00f3n &#8220;ha tardado mucho tiempo en llegar&#8221; pero &#8220;hace a nuestra Uni\u00f3n m\u00e1s fuerte y a nuestra gente m\u00e1s segura&#8221;.<\/p>\n<p>Fuentes del Ministerio del Interior de Espa\u00f1a calificaron el acuerdo de &#8220;hist\u00f3rico&#8221; y aseguraron que era una de las prioridades de la presidencia de turno espa\u00f1ola del Consejo de la UE que concluye ma\u00f1ana.<\/p>\n<p>Afirmaron adem\u00e1s que el progresivo levantamiento de los controles en las fronteras interiores de Bulgaria y Ruman\u00eda &#8220;fortalecer\u00e1 y ampliar\u00e1&#8221; el espacio de libre circulaci\u00f3n europea y facilitar\u00e1 los desplazamientos de millones de personas, con &#8220;un impacto social y econ\u00f3mico muy positivo en toda la regi\u00f3n&#8221;.<\/p>\n<p>La comisaria europea de Interior, Ylva Johansson, se\u00f1al\u00f3 que esta &#8220;decisi\u00f3n hist\u00f3rica&#8221; del Consejo &#8220;llega tras 13 a\u00f1os de bloqueo y es el resultado del compromiso y la determinaci\u00f3n pol\u00edticos&#8221;, y confi\u00f3 en &#8220;que el a\u00f1o que viene el Consejo est\u00e9 igualmente en condiciones de decidir sobre la supresi\u00f3n de los controles en las fronteras terrestres&#8221;.<\/p>\n<p>Listos para la integraci\u00f3n<\/p>\n<p>A pesar de que Comisi\u00f3n Europea y Parlamento Europeo llevan a\u00f1os asegurando que Bulgaria y Ruman\u00eda, miembros de la UE desde 2007, est\u00e1n preparados para entrar en Schengen, Austria hab\u00eda bloqueado hasta ahora su ingreso.<\/p>\n<p>La Comisi\u00f3n confirm\u00f3 por primera vez que tanto Bulgaria como Ruman\u00eda estaban preparadas para formar parte del espacio Schengen sin controles en las fronteras interiores en 2011 y, desde entonces, han seguido demostrando que cumplen las condiciones como lo confirmaron tres misiones de investigaci\u00f3n en las fronteras exteriores de Bulgaria y Ruman\u00eda en 2022 y 2023, indic\u00f3 la CE.<\/p>\n<p>La Comisi\u00f3n tambi\u00e9n puso en marcha proyectos piloto con Ruman\u00eda y Bulgaria en marzo pasado para impulsar la gesti\u00f3n de las fronteras exteriores, reforzar la cooperaci\u00f3n con los pa\u00edses vecinos y garantizar la rapidez de los procedimientos de asilo y retorno.<\/p>\n<p>Al mismo tiempo, la CE dej\u00f3 claro que el espacio Schengen est\u00e1 preparado igualmente para acoger a Bulgaria y Ruman\u00eda.<\/p>\n<p>El Tratado de Schengen establece el levantamiento de los controles en las fronteras entre sus Estados miembros, que actualmente abarcan 4,3 millones de kil\u00f3metros cuadrados y cerca de 420 millones de ciudadanos de 27 pa\u00edses europeos (23 miembros de la UE y 4 no comunitarios).<\/p>\n<p>jc (efe, ap)<\/p>\n<div class=\"venep-after-content venep-entity-placement\" id=\"venep-1968707613\"><div id=\"venep-219455306\"><a href=\"https:\/\/veneportal.com\/como-aparecer-en-google\/\" aria-label=\"como-se-beneficia-directorio-espana-flag\"><img src=\"https:\/\/veneportal.com\/noticias\/wp-content\/uploads\/sites\/2\/2021\/03\/como-se-beneficia-directorio-espana-flag.jpg\" alt=\"\"  srcset=\"https:\/\/veneportal.com\/noticias\/wp-content\/uploads\/sites\/2\/2021\/03\/como-se-beneficia-directorio-espana-flag.jpg 1747w, https:\/\/veneportal.com\/noticias\/wp-content\/uploads\/sites\/2\/2021\/03\/como-se-beneficia-directorio-espana-flag-300x213.jpg 300w, https:\/\/veneportal.com\/noticias\/wp-content\/uploads\/sites\/2\/2021\/03\/como-se-beneficia-directorio-espana-flag-1024x727.jpg 1024w, https:\/\/veneportal.com\/noticias\/wp-content\/uploads\/sites\/2\/2021\/03\/como-se-beneficia-directorio-espana-flag-768x545.jpg 768w, https:\/\/veneportal.com\/noticias\/wp-content\/uploads\/sites\/2\/2021\/03\/como-se-beneficia-directorio-espana-flag-1536x1090.jpg 1536w, https:\/\/veneportal.com\/noticias\/wp-content\/uploads\/sites\/2\/2021\/03\/como-se-beneficia-directorio-espana-flag-600x426.jpg 600w\" sizes=\"(max-width: 1747px) 100vw, 1747px\" width=\"1747\" height=\"1240\"   \/><\/a><\/div><\/div>","protected":false},"excerpt":{"rendered":"<p>La UE dio luz verde para que ambos pa\u00edses se unan al espacio libre de controles en las fronteras internas a partir de marzo.Los pa\u00edses de la Uni\u00f3n Europea (UE)&hellip; <\/p>\n","protected":false},"author":505,"featured_media":54157,"comment_status":"open","ping_status":"open","sticky":false,"template":"","format":"standard","meta":{"footnotes":""},"categories":[85],"tags":[],"class_list":["post-54156","post","type-post","status-publish","format-standard","has-post-thumbnail","hentry","category-politica"],"_links":{"self":[{"href":"https:\/\/veneportal.com\/noticias\/wp-json\/wp\/v2\/posts\/54156","targetHints":{"allow":["GET"]}}],"collection":[{"href":"https:\/\/veneportal.com\/noticias\/wp-json\/wp\/v2\/posts"}],"about":[{"href":"https:\/\/veneportal.com\/noticias\/wp-json\/wp\/v2\/types\/post"}],"author":[{"embeddable":true,"href":"https:\/\/veneportal.com\/noticias\/wp-json\/wp\/v2\/users\/505"}],"replies":[{"embeddable":true,"href":"https:\/\/veneportal.com\/noticias\/wp-json\/wp\/v2\/comments?post=54156"}],"version-history":[{"count":0,"href":"https:\/\/veneportal.com\/noticias\/wp-json\/wp\/v2\/posts\/54156\/revisions"}],"wp:featuredmedia":[{"embeddable":true,"href":"https:\/\/veneportal.com\/noticias\/wp-json\/wp\/v2\/media\/54157"}],"wp:attachment":[{"href":"https:\/\/veneportal.com\/noticias\/wp-json\/wp\/v2\/media?parent=54156"}],"wp:term":[{"taxonomy":"category","embeddable":true,"href":"https:\/\/veneportal.com\/noticias\/wp-json\/wp\/v2\/categories?post=54156"},{"taxonomy":"post_tag","embeddable":true,"href":"https:\/\/veneportal.com\/noticias\/wp-json\/wp\/v2\/tags?post=54156"}],"curies":[{"name":"wp","href":"https:\/\/api.w.org\/{rel}","templated":true}]}}