{"id":51776,"date":"2023-11-07T00:04:12","date_gmt":"2023-11-07T05:04:12","guid":{"rendered":"https:\/\/veneportal.com\/noticias\/2023\/11\/07\/activistas-toman-estatua-de-la-libertad-para-pedir-por-gaza\/"},"modified":"2023-11-07T00:04:12","modified_gmt":"2023-11-07T05:04:12","slug":"activistas-toman-estatua-de-la-libertad-para-pedir-por-gaza","status":"publish","type":"post","link":"https:\/\/veneportal.com\/noticias\/2023\/11\/07\/activistas-toman-estatua-de-la-libertad-para-pedir-por-gaza\/","title":{"rendered":"Activistas toman Estatua de la Libertad para pedir por Gaza"},"content":{"rendered":"<p>Cientos de manifestantes organizaron &#8220;sentada&#8221; en el emblem\u00e1tico monumento de Nueva York pidiendo el fin de los ataques israel\u00edes.Decenas de activistas jud\u00edos de izquierda ocuparon este lunes (06.11.2023) la Estatua de la Libertad en Nueva York para exigir a Israel un alto el fuego y el fin de &#8220;los bombardeos genocidas de civiles palestinos en Gaza&#8221;, luego del ataque del grupo terrorista Ham\u00e1s  en territorio israel\u00ed el pasado 7 de octubre.<\/p>\n<p>Vestidos con camisetas negras con el eslogan &#8220;los jud\u00edos piden un alto el fuego ya&#8221; o &#8220;no en nuestro nombre&#8221;, decenas de j\u00f3venes desplegaron pancartas con mensajes como &#8220;todo el mundo est\u00e1 mirando&#8221; y &#8220;los palestinos deber\u00edan estar libres&#8221; al pie del pedestal del emblem\u00e1tico monumento s\u00edmbolo de Nueva York.<\/p>\n<p> &#8220;Las famosas palabras de nuestra antepasada jud\u00eda (la poeta estadounidense del siglo XIX) Emma Lazarus grabados en este monumento nos obligan a actuar para apoyar a los palestinos de Gaza que aspiran a vivir libres&#8221;, declar\u00f3 en un comunicado Jay Saper, de la organizaci\u00f3n Jewish Voice for Peace (JVP) (Voces Jud\u00edas por la Paz).<\/p>\n<p>Por su parte, un bolet\u00edn del grupo Institute for Middle East Understanding (Imeu) exige &#8220;el fin de los bombardeos genocidas de civiles palestinos de Gaza por Israel&#8221;.<\/p>\n<p>&#8220;Mientras el pueblo de Gaza grite, nosotros debemos gritar m\u00e1s fuerte, sean cuales sean los intentos que se hagan para silenciarnos&#8221;, exclam\u00f3 la fot\u00f3grafa estadounidense Nancy Goldin, tambi\u00e9n en presencia de representantes electos locales de Nueva York, algunos de ellos de izquierda.<\/p>\n<p>Manifestaci\u00f3n a favor y en contra<\/p>\n<p>La megal\u00f3polis estadounidense, emblema de la inmigraci\u00f3n y el multiculturalismo, lleva un mes sacudida por manifestaciones proisrael\u00edes y propalestinas.<\/p>\n<p>Nueva York, hogar de unos dos millones de jud\u00edos y cientos de miles de musulmanes, ha escapado por el momento a la violencia, pero las tensiones son palpables, sobre todo en campus universitarios como el de Columbia.<\/p>\n<p>Un sector muy izquierdista de la juventud jud\u00eda estadounidense -la inmensa mayor\u00eda de la cual vota al Partido Dem\u00f3crata- se levanta contra Israel, al que acusa de perpetrar un &#8220;genocidio&#8221; contra los palestinos de Gaza, y denuncia el apoyo militar y diplom\u00e1tico del presidente Joe Biden al Estado jud\u00edo.<\/p>\n<p>Las organizaciones propalestinas tambi\u00e9n son muy activas y casi a diario organizan protestas en diferentes puntos de la ciudad para pedir el fin de los bombardeos israel\u00eds, que se han cobrado m\u00e1s de 10.000 muertos, entre ellos muchos ni\u00f1os, desde el 7 de octubre, cuando el movimiento islamista palestino Ham\u00e1s irrumpi\u00f3 en Israel matando a m\u00e1s de 1.400 personas, la mayor\u00eda civiles, y secuestrando a 240 personas, entre ellas beb\u00e9s y ancianos.<\/p>\n<p>jc (afp, reuters)<\/p>\n<p>Visite aqu\u00ed nuestro blog sobre el desarrollo hoy del conflicto en el Cercano Oriente desencadenado por los ataques del grupo terrorista Ham\u00e1s contra Israel el pasado 7 de octubre de 2023:  <\/p>\n<p>Netanyahu: Israel asumir\u00e1 indefinidamente la seguridad de Gaza<\/p>\n<div class=\"venep-after-content venep-entity-placement\" id=\"venep-397776664\"><div id=\"venep-1116240883\"><a href=\"https:\/\/veneportal.com\/clasificados\/listing\/naiguata-restobar\/\" aria-label=\"naiguata retobar\"><img src=\"https:\/\/veneportal.com\/noticias\/wp-content\/uploads\/sites\/2\/2021\/07\/1.png\" alt=\"naiguata retobar\"  width=\"300\" height=\"250\"   \/><\/a><\/div><\/div>","protected":false},"excerpt":{"rendered":"<p>Cientos de manifestantes organizaron &#8220;sentada&#8221; en el emblem\u00e1tico monumento de Nueva York pidiendo el fin de los ataques israel\u00edes.Decenas de activistas jud\u00edos de izquierda ocuparon este lunes (06.11.2023) la Estatua&hellip; <\/p>\n","protected":false},"author":505,"featured_media":51777,"comment_status":"open","ping_status":"open","sticky":false,"template":"","format":"standard","meta":{"footnotes":""},"categories":[85],"tags":[],"class_list":["post-51776","post","type-post","status-publish","format-standard","has-post-thumbnail","hentry","category-politica"],"_links":{"self":[{"href":"https:\/\/veneportal.com\/noticias\/wp-json\/wp\/v2\/posts\/51776","targetHints":{"allow":["GET"]}}],"collection":[{"href":"https:\/\/veneportal.com\/noticias\/wp-json\/wp\/v2\/posts"}],"about":[{"href":"https:\/\/veneportal.com\/noticias\/wp-json\/wp\/v2\/types\/post"}],"author":[{"embeddable":true,"href":"https:\/\/veneportal.com\/noticias\/wp-json\/wp\/v2\/users\/505"}],"replies":[{"embeddable":true,"href":"https:\/\/veneportal.com\/noticias\/wp-json\/wp\/v2\/comments?post=51776"}],"version-history":[{"count":0,"href":"https:\/\/veneportal.com\/noticias\/wp-json\/wp\/v2\/posts\/51776\/revisions"}],"wp:featuredmedia":[{"embeddable":true,"href":"https:\/\/veneportal.com\/noticias\/wp-json\/wp\/v2\/media\/51777"}],"wp:attachment":[{"href":"https:\/\/veneportal.com\/noticias\/wp-json\/wp\/v2\/media?parent=51776"}],"wp:term":[{"taxonomy":"category","embeddable":true,"href":"https:\/\/veneportal.com\/noticias\/wp-json\/wp\/v2\/categories?post=51776"},{"taxonomy":"post_tag","embeddable":true,"href":"https:\/\/veneportal.com\/noticias\/wp-json\/wp\/v2\/tags?post=51776"}],"curies":[{"name":"wp","href":"https:\/\/api.w.org\/{rel}","templated":true}]}}