{"id":51774,"date":"2023-11-07T00:04:12","date_gmt":"2023-11-07T05:04:12","guid":{"rendered":"https:\/\/veneportal.com\/noticias\/2023\/11\/07\/embajador-chileno-en-israel-trabajara-desde-santiago\/"},"modified":"2023-11-07T00:04:12","modified_gmt":"2023-11-07T05:04:12","slug":"embajador-chileno-en-israel-trabajara-desde-santiago","status":"publish","type":"post","link":"https:\/\/veneportal.com\/noticias\/2023\/11\/07\/embajador-chileno-en-israel-trabajara-desde-santiago\/","title":{"rendered":"Embajador chileno en Israel trabajar\u00e1 desde Santiago"},"content":{"rendered":"<p>La decisi\u00f3n oficial se produce casi una semana despu\u00e9s de que el presidente Gabriel Boric llamara a consultas a Jorge Carvajal, lo que fue interpretado como un aumento de la tensi\u00f3n diplom\u00e1tica bilateral.El canciller de Chile, Alberto Van Klaveren, inform\u00f3 el lunes (06.11.2023) que el embajador en Israel, Jorge Carvajal, &#8220;seguir\u00e1 informando&#8221; desde Santiago, trabajando desde la capital chilena de manera indefinida, por instrucciones de esa instituci\u00f3n y del presidente Gabriel Boric.<\/p>\n<p>La reuni\u00f3n entre Van Klaveren y Carvajal se produce casi una semana despu\u00e9s de que el mandatario chileno llamara a consultas a Carvajal, una decisi\u00f3n que fue interpretada como un aumento de la tensi\u00f3n diplom\u00e1tica entre Chile e Israel despu\u00e9s de varias condenas p\u00fablicas contra la ofensiva israel\u00ed por parte de Boric, reconocido defensor de la causa Palestina.<\/p>\n<p>El canciller explic\u00f3 que mantuvo una &#8220;extensa&#8221; reuni\u00f3n &#8220;de trabajo&#8221; con Carvajal en la que abordaron &#8220;el drama humanitario&#8221; que se est\u00e1 viviendo en Gaza y &#8220;las violaciones al derecho internacional humanitario que se han cometido y se siguen cometiendo&#8221; en la zona.<\/p>\n<p>Cisjordania y otros temas<\/p>\n<p>&#8220;Tambi\u00e9n hablamos de la situaci\u00f3n en Cisjordania, sobre todo los choques que ha habido entre los representantes de asentamientos ilegales que est\u00e1n en territorios palestinos y la poblaci\u00f3n palestina en esa zona&#8221;, a\u00f1adi\u00f3 el canciller. <\/p>\n<p>Otros temas del orden del d\u00eda fueron la situaci\u00f3n de los chilenos residentes en Israel y tambi\u00e9n la que enfrentan los rehenes que siguen en manos de Ham\u00e1s desde el 7 de octubre, cuando el grupo terrorista perpetr\u00f3 el sorpresivo atentado en Israel. <\/p>\n<p>El Ministerio de Relaciones Exteriores chileno sigue pendiente de recibir noticias de Loren Garcovich, de 47 a\u00f1os, secuestrada por Ham\u00e1s junto a su marido de nacionalidad espa\u00f1ola, Iv\u00e1n Illaramendi, y que a\u00fan se encuentra desaparecida.<\/p>\n<p>Con cerca de 500.000 personas, Chile es un gran refugio de la comunidad palestina fuera del mundo \u00e1rabe, una migraci\u00f3n que se inici\u00f3 a finales del siglo XIX, cuando centenares de palestinos escaparon primero de la dominaci\u00f3n otomana, y que se increment\u00f3 en el siglo XX con la ocupaci\u00f3n israel\u00ed.<\/p>\n<p>Chile reconoci\u00f3 a Palestina como un Estado &#8220;libre, independiente y soberano&#8221; en 2011, durante el primer gobierno del conservador Sebasti\u00e1n Pi\u00f1era (2010-2014).<\/p>\n<p>gs (efe, El Mercurio, Radio Universidad de Chile)<\/p>\n<p>Visite aqu\u00ed nuestro blog sobre el desarrollo hoy del conflicto en el Cercano Oriente desencadenado por los ataques del grupo terrorista Ham\u00e1s contra Israel el pasado 7 de octubre de 2023:  <\/p>\n<p>Netanyahu: Israel asumir\u00e1 indefinidamente la seguridad de Gaza<\/p>\n<div class=\"venep-after-content venep-entity-placement\" id=\"venep-3455481331\"><div id=\"venep-844975057\"><a href=\"https:\/\/veneportal.com\/clasificados\/listing\/ary-b-ilustraciones\/\" aria-label=\"ari b ilustraciones\"><img src=\"https:\/\/veneportal.com\/noticias\/wp-content\/uploads\/sites\/2\/2021\/07\/4.png\" alt=\"ari b ilustraciones\"  width=\"300\" height=\"250\"   \/><\/a><\/div><\/div>","protected":false},"excerpt":{"rendered":"<p>La decisi\u00f3n oficial se produce casi una semana despu\u00e9s de que el presidente Gabriel Boric llamara a consultas a Jorge Carvajal, lo que fue interpretado como un aumento de la&hellip; <\/p>\n","protected":false},"author":505,"featured_media":51775,"comment_status":"open","ping_status":"open","sticky":false,"template":"","format":"standard","meta":{"footnotes":""},"categories":[85],"tags":[],"class_list":["post-51774","post","type-post","status-publish","format-standard","has-post-thumbnail","hentry","category-politica"],"_links":{"self":[{"href":"https:\/\/veneportal.com\/noticias\/wp-json\/wp\/v2\/posts\/51774","targetHints":{"allow":["GET"]}}],"collection":[{"href":"https:\/\/veneportal.com\/noticias\/wp-json\/wp\/v2\/posts"}],"about":[{"href":"https:\/\/veneportal.com\/noticias\/wp-json\/wp\/v2\/types\/post"}],"author":[{"embeddable":true,"href":"https:\/\/veneportal.com\/noticias\/wp-json\/wp\/v2\/users\/505"}],"replies":[{"embeddable":true,"href":"https:\/\/veneportal.com\/noticias\/wp-json\/wp\/v2\/comments?post=51774"}],"version-history":[{"count":0,"href":"https:\/\/veneportal.com\/noticias\/wp-json\/wp\/v2\/posts\/51774\/revisions"}],"wp:featuredmedia":[{"embeddable":true,"href":"https:\/\/veneportal.com\/noticias\/wp-json\/wp\/v2\/media\/51775"}],"wp:attachment":[{"href":"https:\/\/veneportal.com\/noticias\/wp-json\/wp\/v2\/media?parent=51774"}],"wp:term":[{"taxonomy":"category","embeddable":true,"href":"https:\/\/veneportal.com\/noticias\/wp-json\/wp\/v2\/categories?post=51774"},{"taxonomy":"post_tag","embeddable":true,"href":"https:\/\/veneportal.com\/noticias\/wp-json\/wp\/v2\/tags?post=51774"}],"curies":[{"name":"wp","href":"https:\/\/api.w.org\/{rel}","templated":true}]}}