{"id":49974,"date":"2023-09-25T12:02:05","date_gmt":"2023-09-25T16:02:05","guid":{"rendered":"https:\/\/veneportal.com\/noticias\/2023\/09\/25\/fuerzas-kosovares-retoman-monasterio-tomado-por-grupo-armado\/"},"modified":"2023-09-25T12:02:05","modified_gmt":"2023-09-25T16:02:05","slug":"fuerzas-kosovares-retoman-monasterio-tomado-por-grupo-armado","status":"publish","type":"post","link":"https:\/\/veneportal.com\/noticias\/2023\/09\/25\/fuerzas-kosovares-retoman-monasterio-tomado-por-grupo-armado\/","title":{"rendered":"Fuerzas kosovares retoman monasterio tomado por grupo armado"},"content":{"rendered":"<p>Las autoridades dijeron que tres atacantes fueron abatidos y seis detenidos, y culparon al gobierno de Serbia por la acci\u00f3n, calificada de \u201cterrorista\u201d.Luego de horas de tensi\u00f3n y enfrentamientos, la calma regres\u00f3 la tarde de este domingo (24.09.2023) al monasterio del norte de Kosovo en el que se atrincheraron durante varias horas una treintena de hombres armados, despu\u00e9s de que la muerte de un polic\u00eda en una emboscada con armas pesadas y granadas avivara las tensiones entre Pristina y Belgrado.<\/p>\n<p>&#8220;Hemos retomado el control de esta zona, luego de varias batallas&#8221;, indic\u00f3 el ministro de Interior de Kosovo, Xhelal Sve\u00e7la, en rueda de prensa. Seg\u00fan el ministro, seis individuos fueron detenidos: dos hombres uniformados, heridos, y otros cuatro que apoyaban al grupo. Adem\u00e1s, tres asaltantes fueron abatidos, precis\u00f3. La polic\u00eda rode\u00f3 durante varias horas al grupo que se hab\u00eda atrincherado en el monasterio cercano al pueblo de Banjska.<\/p>\n<p>Cuatro sospechosos [civiles] fueron &#8220;detenidos en posesi\u00f3n de aparatos de comunicaci\u00f3n por radio&#8221;, dijeron las autoridades. Los agentes tambi\u00e9n encontraron una gran cantidad de armas y de municiones, suficientes para armar a centenares de combatientes, explicaron, sin precisar d\u00f3nde ni cu\u00e1ndo fueron abatidos los asaltantes ni qu\u00e9 pas\u00f3 con los que no cayeron ni fueron capturados.<\/p>\n<p>Seg\u00fan la Iglesia ortodoxa, un grupo de peregrinos procedentes de Novi Sad, en Serbia, estaba dentro del monasterio cuando unos hombres con la cara tapada &#8220;asaltaron&#8221; el edificio &#8220;con un veh\u00edculo blindado y forzaron la puerta&#8221;.<\/p>\n<p>Serbia niega implicancia<\/p>\n<p>Horas antes, un polic\u00eda muri\u00f3 cuando patrullaba cerca de la frontera con Serbia. El agente fue atacado &#8220;desde diferentes posiciones con armas pesadas, sobre todo con granadas&#8221;, seg\u00fan la polic\u00eda. Uno de sus colegas result\u00f3 herido. Tras el deceso, el primer ministro de Kosovo, Albin Kurti, calific\u00f3 la emboscada como un acto de terrorismo y culp\u00f3 al gobierno serbio. Por su parte, la presidenta kosovar, Vjosa Osmani, denunci\u00f3 &#8220;un ataque contra Kosovo\u201d  y tambi\u00e9n culp\u00f3 a Serbia.<\/p>\n<p>En la noche, el presidente serbio, Aleksandar Vucic, neg\u00f3 cualquier responsabilidad en el ataque, y dijo que los atacantes eran serbios de Kosovo. &#8220;El \u00fanico culpable de lo que ocurre en el norte de Kosovo es Albin Kurti. \u00c9l provoca siempre, y lamento que algunos serbios hayan cedido a las provocaciones&#8221;, asegur\u00f3, &#8220;ya que no quisieron soportar m\u00e1s la opresi\u00f3n y el maltrato que impone Kurti&#8221;.<\/p>\n<p>Vucic dijo que tres serbios perdieron la vida en el enfrentamiento, dos fueron heridos de gravedad y 10 fueron detenidos, lo que muestra discrepancias con las cifras entregadas por las autoridades kosovares.<\/p>\n<p>DZC (EFE, AFP)<\/p>\n<div class=\"venep-after-content venep-entity-placement\" id=\"venep-2950238250\"><div id=\"venep-15996069\"><script async src=\"https:\/\/pagead2.googlesyndication.com\/pagead\/js\/adsbygoogle.js?client=ca-pub-5862940809620110\"\r\n     crossorigin=\"anonymous\"><\/script>\r\n<ins class=\"adsbygoogle\"\r\n     style=\"display:block\"\r\n     data-ad-format=\"fluid\"\r\n     data-ad-layout-key=\"-6t+ed+2i-1n-4w\"\r\n     data-ad-client=\"ca-pub-5862940809620110\"\r\n     data-ad-slot=\"7946604715\"><\/ins>\r\n<script>\r\n     (adsbygoogle = window.adsbygoogle || []).push({});\r\n<\/script><\/div><\/div>","protected":false},"excerpt":{"rendered":"<p>Las autoridades dijeron que tres atacantes fueron abatidos y seis detenidos, y culparon al gobierno de Serbia por la acci\u00f3n, calificada de \u201cterrorista\u201d.Luego de horas de tensi\u00f3n y enfrentamientos, la&hellip; <\/p>\n","protected":false},"author":505,"featured_media":49975,"comment_status":"open","ping_status":"open","sticky":false,"template":"","format":"standard","meta":{"footnotes":""},"categories":[85],"tags":[],"class_list":["post-49974","post","type-post","status-publish","format-standard","has-post-thumbnail","hentry","category-politica"],"_links":{"self":[{"href":"https:\/\/veneportal.com\/noticias\/wp-json\/wp\/v2\/posts\/49974","targetHints":{"allow":["GET"]}}],"collection":[{"href":"https:\/\/veneportal.com\/noticias\/wp-json\/wp\/v2\/posts"}],"about":[{"href":"https:\/\/veneportal.com\/noticias\/wp-json\/wp\/v2\/types\/post"}],"author":[{"embeddable":true,"href":"https:\/\/veneportal.com\/noticias\/wp-json\/wp\/v2\/users\/505"}],"replies":[{"embeddable":true,"href":"https:\/\/veneportal.com\/noticias\/wp-json\/wp\/v2\/comments?post=49974"}],"version-history":[{"count":0,"href":"https:\/\/veneportal.com\/noticias\/wp-json\/wp\/v2\/posts\/49974\/revisions"}],"wp:featuredmedia":[{"embeddable":true,"href":"https:\/\/veneportal.com\/noticias\/wp-json\/wp\/v2\/media\/49975"}],"wp:attachment":[{"href":"https:\/\/veneportal.com\/noticias\/wp-json\/wp\/v2\/media?parent=49974"}],"wp:term":[{"taxonomy":"category","embeddable":true,"href":"https:\/\/veneportal.com\/noticias\/wp-json\/wp\/v2\/categories?post=49974"},{"taxonomy":"post_tag","embeddable":true,"href":"https:\/\/veneportal.com\/noticias\/wp-json\/wp\/v2\/tags?post=49974"}],"curies":[{"name":"wp","href":"https:\/\/api.w.org\/{rel}","templated":true}]}}