{"id":49972,"date":"2023-09-25T12:02:05","date_gmt":"2023-09-25T16:02:05","guid":{"rendered":"https:\/\/veneportal.com\/noticias\/2023\/09\/25\/rusia-envia-a-vladimir-kara-murza-a-carcel-siberiana\/"},"modified":"2023-09-25T12:02:05","modified_gmt":"2023-09-25T16:02:05","slug":"rusia-envia-a-vladimir-kara-murza-a-carcel-siberiana","status":"publish","type":"post","link":"https:\/\/veneportal.com\/noticias\/2023\/09\/25\/rusia-envia-a-vladimir-kara-murza-a-carcel-siberiana\/","title":{"rendered":"Rusia env\u00eda a Vladimir Kara-Murza a c\u00e1rcel siberiana"},"content":{"rendered":"<p>El opositor fue declarado culpable de difundir &#8220;informaci\u00f3n falsa&#8221; sobre el Ej\u00e9rcito ruso en un juicio a puerta cerrada.El opositor ruso Vladimir Kara-Murza, condenado a 25 a\u00f1os de c\u00e1rcel acusado de &#8220;traici\u00f3n&#8221; y por denunciar la ofensiva de Mosc\u00fa contra Ucrania, lleg\u00f3 a la colonia penal de alta seguridad de Omsk, en Siberia, para cumplir su pena, inform\u00f3 el domingo (24.09.2023) su abogado.<\/p>\n<p>Considerado como uno de los principales detractores de Vladimir Putin, Kara-Murza, que tiene doble nacionalidad rusa y brit\u00e1nica, fue condenado en abril a una pena sin precedentes, por lo que l\u00edderes internacionales y simpatizantes piden su liberaci\u00f3n. El opositor fue declarado culpable de difundir &#8220;informaci\u00f3n falsa&#8221; sobre el Ej\u00e9rcito y de tener v\u00ednculos con una &#8220;organizaci\u00f3n indeseable&#8221; en un juicio a puerta cerrada en Rusia.<\/p>\n<p>&#8220;Vladimir Kara-Murza fue trasladado a la colonia penal de m\u00e1xima seguridad IK-6 de Omsk para cumplir su condena&#8221;, declar\u00f3 su abogado, Vadim Pr\u00f3jorov, en Facebook.<\/p>\n<p>Omsk est\u00e1 a unos 2.700 kil\u00f3metros al este de Mosc\u00fa. El sistema penal ruso suele tardar semanas en trasladar a las personas presas a las c\u00e1rceles m\u00e1s alejadas del pa\u00eds, y a menudo se desconoce el paradero de un reo en tr\u00e1nsito, que hace escala en varias penitenciar\u00edas por el camino.<\/p>\n<p>&#8220;El viaje de Mosc\u00fa a Omsk, en el siglo XXI, dur\u00f3 no menos de tres semanas&#8221;, dijo con iron\u00eda Pr\u00f3jorov, agregando que permaneci\u00f3 &#8220;varios d\u00edas&#8221; en una celda de aislamiento en la ciudad de Samara, en el centro del pa\u00eds.<\/p>\n<p>El abogado advirti\u00f3 que recluir a Kara-Murza, de 42 a\u00f1os, en este tipo de celdas pone en peligro su fr\u00e1gil salud. Los abogados y la familia del opositor aseguran que padece una enfermedad nerviosa llamada polineuropat\u00eda debido a dos intentos de envenenamiento.<\/p>\n<p>ama (afp, efe, ap)<\/p>\n<div class=\"venep-after-content venep-entity-placement\" id=\"venep-2281876468\"><div id=\"venep-2579113023\"><a href=\"https:\/\/www.silverstarfinancialservices.com\/\" aria-label=\"silverstar financial\"><img src=\"https:\/\/veneportal.com\/noticias\/wp-content\/uploads\/sites\/2\/2022\/06\/silverstar-financial-2.png\" alt=\"silverstar financial\"  srcset=\"https:\/\/veneportal.com\/noticias\/wp-content\/uploads\/sites\/2\/2022\/06\/silverstar-financial-2.png 1748w, https:\/\/veneportal.com\/noticias\/wp-content\/uploads\/sites\/2\/2022\/06\/silverstar-financial-2-300x213.png 300w, https:\/\/veneportal.com\/noticias\/wp-content\/uploads\/sites\/2\/2022\/06\/silverstar-financial-2-1024x726.png 1024w, https:\/\/veneportal.com\/noticias\/wp-content\/uploads\/sites\/2\/2022\/06\/silverstar-financial-2-768x545.png 768w, https:\/\/veneportal.com\/noticias\/wp-content\/uploads\/sites\/2\/2022\/06\/silverstar-financial-2-1536x1090.png 1536w, https:\/\/veneportal.com\/noticias\/wp-content\/uploads\/sites\/2\/2022\/06\/silverstar-financial-2-600x426.png 600w\" sizes=\"(max-width: 1748px) 100vw, 1748px\" width=\"559\" height=\"397\"   \/><\/a><\/div><\/div>","protected":false},"excerpt":{"rendered":"<p>El opositor fue declarado culpable de difundir &#8220;informaci\u00f3n falsa&#8221; sobre el Ej\u00e9rcito ruso en un juicio a puerta cerrada.El opositor ruso Vladimir Kara-Murza, condenado a 25 a\u00f1os de c\u00e1rcel acusado&hellip; <\/p>\n","protected":false},"author":505,"featured_media":49973,"comment_status":"open","ping_status":"open","sticky":false,"template":"","format":"standard","meta":{"footnotes":""},"categories":[85],"tags":[],"class_list":["post-49972","post","type-post","status-publish","format-standard","has-post-thumbnail","hentry","category-politica"],"_links":{"self":[{"href":"https:\/\/veneportal.com\/noticias\/wp-json\/wp\/v2\/posts\/49972","targetHints":{"allow":["GET"]}}],"collection":[{"href":"https:\/\/veneportal.com\/noticias\/wp-json\/wp\/v2\/posts"}],"about":[{"href":"https:\/\/veneportal.com\/noticias\/wp-json\/wp\/v2\/types\/post"}],"author":[{"embeddable":true,"href":"https:\/\/veneportal.com\/noticias\/wp-json\/wp\/v2\/users\/505"}],"replies":[{"embeddable":true,"href":"https:\/\/veneportal.com\/noticias\/wp-json\/wp\/v2\/comments?post=49972"}],"version-history":[{"count":0,"href":"https:\/\/veneportal.com\/noticias\/wp-json\/wp\/v2\/posts\/49972\/revisions"}],"wp:featuredmedia":[{"embeddable":true,"href":"https:\/\/veneportal.com\/noticias\/wp-json\/wp\/v2\/media\/49973"}],"wp:attachment":[{"href":"https:\/\/veneportal.com\/noticias\/wp-json\/wp\/v2\/media?parent=49972"}],"wp:term":[{"taxonomy":"category","embeddable":true,"href":"https:\/\/veneportal.com\/noticias\/wp-json\/wp\/v2\/categories?post=49972"},{"taxonomy":"post_tag","embeddable":true,"href":"https:\/\/veneportal.com\/noticias\/wp-json\/wp\/v2\/tags?post=49972"}],"curies":[{"name":"wp","href":"https:\/\/api.w.org\/{rel}","templated":true}]}}