{"id":48211,"date":"2023-08-06T00:02:05","date_gmt":"2023-08-06T04:02:05","guid":{"rendered":"https:\/\/veneportal.com\/noticias\/2023\/08\/06\/vigilia-con-el-papa-reune-a-una-marea-de-15-millones-de-jovenes-en-lisboa\/"},"modified":"2023-08-06T00:02:05","modified_gmt":"2023-08-06T04:02:05","slug":"vigilia-con-el-papa-reune-a-una-marea-de-15-millones-de-jovenes-en-lisboa","status":"publish","type":"post","link":"https:\/\/veneportal.com\/noticias\/2023\/08\/06\/vigilia-con-el-papa-reune-a-una-marea-de-15-millones-de-jovenes-en-lisboa\/","title":{"rendered":"Vigilia con el papa re\u00fane a una marea de 1,5 millones de j\u00f3venes en Lisboa"},"content":{"rendered":"<p>En un ambiente festivo, la actividad fue parte de la Jornada Mundial de la Juventud (JMJ) presidida por el Pont\u00edfice.Como una entusiasta y colorida marea, 1,5 millones de fieles se reunieron en Lisboa el s\u00e1bado (05.08.2023) para la vigilia de la Jornada Mundial de la Juventud (JMJ), presidida por el papa Francisco.<\/p>\n<p>La cantidad de personas presentes al caer la noche en la inmensa explanada dispuesta junto al Tajo fue comunicada por el Vaticano, citando una estimaci\u00f3n de las autoridades portuguesas.<\/p>\n<p>Durante el d\u00eda, j\u00f3venes cat\u00f3licos de todo el mundo fueron llegando bajo el fuerte sol con sus mochilas y sacos de dormir, preparados para pasar la noche hasta la misa final del domingo.<\/p>\n<p>Jorge Bergoglio, de 86 a\u00f1os, realiz\u00f3 su aparici\u00f3n en &#8220;papam\u00f3vil&#8221; poco despu\u00e9s de las 19H00 en esta vigilia con ambiente de macrofestival, que arranc\u00f3 con actuaciones de m\u00fasica pop-rock en el colosal escenario que domina este enorme recinto dispuesto en un antiguo vertedero.<\/p>\n<p>En un animado discurso, en el que interactu\u00f3 en varias ocasiones con la audiencia, Francisco hizo referencias al f\u00fatbol, a los ex\u00e1menes o a los momentos de crisis.<\/p>\n<p>&#8220;\u00bfUstedes creen que una persona que cae en la vida, que tiene un fracaso, que incluso comete errores pesados, fuertes, ya est\u00e1 terminada? No&#8221;, lanz\u00f3 a los peregrinos, subrayando que tras cualquier tropiezo deben &#8220;levantarse&#8221;.<\/p>\n<p>Los organizadores hab\u00edan proyectado que la vigilia y la misa del domingo por la ma\u00f1ana podr\u00eda reunir un mill\u00f3n de personas, como punto \u00e1lgido de la semana de encuentros culturales y espirituales que integran esta edici\u00f3n de la mayor reuni\u00f3n cat\u00f3lica internacional.<\/p>\n<p>En una amplia superficie llena de tiendas de campa\u00f1a y banderas de numerosos pa\u00edses, los j\u00f3venes aguardaron en un ambiente festivo, rodeados por un amplio dispositivo de seguridad.<\/p>\n<p>El s\u00e1bado por la ma\u00f1ana, el papa argentino fue recibido por unos 200.000 fieles en el santuario de F\u00e1tima, 130 km al norte de Lisboa, donde rez\u00f3 el rosario con j\u00f3venes enfermos, discapacitados y seis prisioneros.<\/p>\n<p> &#8220;La Iglesia no tiene puertas, para que todos puedan entrar&#8221;, asegur\u00f3 el pont\u00edfice durante un breve discurso pronunciado en espa\u00f1ol, como casi todos desde que lleg\u00f3 el mi\u00e9rcoles a Portugal.<\/p>\n<p>&#8220;Esta es la casa de la madre y una madre siempre tiene el coraz\u00f3n abierto para todos sus hijos. Todos, todos, todos, sin exclusi\u00f3n&#8221;, repiti\u00f3 entre aplausos, reiterando un mensaje que ya subray\u00f3 en otras ocasiones en esta JMJ.<\/p>\n<p>gs (afp, efe)<\/p>\n<div class=\"venep-after-content venep-entity-placement\" id=\"venep-51200136\"><div id=\"venep-4250811643\"><div class=\"d5oMvf\">\r\n<div class=\"cfxYMc JfZTW c4Djg MUxGbd v0nnCb\" role=\"heading\" aria-level=\"3\"><a href=\"https:\/\/veneportal.com\/precios-publicidad-para-mi-negocio\/#premium\">Advertising en Espa&ntilde;ol<\/a> - Desde $1 por dia&nbsp;<a href=\"https:\/\/veneportal.com\/precios-publicidad-para-mi-negocio\/#premium\" target=\"_blank\" rel=\"noopener\">en Veneportal<\/a>\r\n<div id=\"wta_async_s0\" class=\"k1sBMc yp\" data-jiis=\"up\" data-async-type=\"wta\" data-async-context-required=\"wtad\" data-ved=\"2ahUKEwiBl6fL-cTvAhXIHM0KHUthBqsQqa8FegQIAhAC\">&nbsp;<\/div>\r\n<div class=\"rIbAWc\" tabindex=\"0\" role=\"button\" aria-expanded=\"false\" aria-haspopup=\"true\">El advertising en Espa&ntilde;ol mas econ&oacute;mico. Avisos tipo google ads en el portal de noticias en Espa&ntilde;ol mas importante a escala global!<\/div>\r\n<\/div>\r\n<\/div>\r\n<div class=\"MUxGbd lyLwlc aLF0Z\">\r\n<div class=\"Hk2yDb KsR1A\" role=\"img\" aria-label=\"Rated 4.5 out of 5\">&nbsp;<\/div>\r\n&nbsp;<\/div><\/div><\/div>","protected":false},"excerpt":{"rendered":"<p>En un ambiente festivo, la actividad fue parte de la Jornada Mundial de la Juventud (JMJ) presidida por el Pont\u00edfice.Como una entusiasta y colorida marea, 1,5 millones de fieles se&hellip; <\/p>\n","protected":false},"author":505,"featured_media":48212,"comment_status":"open","ping_status":"open","sticky":false,"template":"","format":"standard","meta":{"footnotes":""},"categories":[85],"tags":[],"class_list":["post-48211","post","type-post","status-publish","format-standard","has-post-thumbnail","hentry","category-politica"],"_links":{"self":[{"href":"https:\/\/veneportal.com\/noticias\/wp-json\/wp\/v2\/posts\/48211","targetHints":{"allow":["GET"]}}],"collection":[{"href":"https:\/\/veneportal.com\/noticias\/wp-json\/wp\/v2\/posts"}],"about":[{"href":"https:\/\/veneportal.com\/noticias\/wp-json\/wp\/v2\/types\/post"}],"author":[{"embeddable":true,"href":"https:\/\/veneportal.com\/noticias\/wp-json\/wp\/v2\/users\/505"}],"replies":[{"embeddable":true,"href":"https:\/\/veneportal.com\/noticias\/wp-json\/wp\/v2\/comments?post=48211"}],"version-history":[{"count":0,"href":"https:\/\/veneportal.com\/noticias\/wp-json\/wp\/v2\/posts\/48211\/revisions"}],"wp:featuredmedia":[{"embeddable":true,"href":"https:\/\/veneportal.com\/noticias\/wp-json\/wp\/v2\/media\/48212"}],"wp:attachment":[{"href":"https:\/\/veneportal.com\/noticias\/wp-json\/wp\/v2\/media?parent=48211"}],"wp:term":[{"taxonomy":"category","embeddable":true,"href":"https:\/\/veneportal.com\/noticias\/wp-json\/wp\/v2\/categories?post=48211"},{"taxonomy":"post_tag","embeddable":true,"href":"https:\/\/veneportal.com\/noticias\/wp-json\/wp\/v2\/tags?post=48211"}],"curies":[{"name":"wp","href":"https:\/\/api.w.org\/{rel}","templated":true}]}}