{"id":48193,"date":"2023-08-05T12:02:05","date_gmt":"2023-08-05T16:02:05","guid":{"rendered":"https:\/\/veneportal.com\/noticias\/2023\/08\/05\/el-papa-visita-el-santuario-de-fatima-acogido-por-una-multitud-de-fieles\/"},"modified":"2024-04-21T13:44:57","modified_gmt":"2024-04-21T17:44:57","slug":"el-papa-visita-el-santuario-de-fatima-acogido-por-una-multitud-de-fieles","status":"publish","type":"post","link":"https:\/\/veneportal.com\/noticias\/2023\/08\/05\/el-papa-visita-el-santuario-de-fatima-acogido-por-una-multitud-de-fieles\/","title":{"rendered":"El papa visita el santuario de F\u00e1tima acogido por una multitud de fieles"},"content":{"rendered":"<p>Francisco se encuentra en Portugal para encontrase con j\u00f3venes cat\u00f3licos de todo el mundo, reunidos en Lisboa, en la Jornada Mundial de la Juventud. Durante su visita al santuario, fue acogido por unos 200.000 fieles.El papa Francisco quiso visitar el santuario mariano de F\u00e1tima, en el centro de Portugal, desde el primer momento que se organiz\u00f3 este viaje para participar en los actos de la Jornada Mundial de la Juventud (JMJ) de Lisboa, y hoy le esperaban cerca de 200.000 fieles, a los que habl\u00f3 de la figura de Mar\u00eda, pero no mencion\u00f3 las guerras en el mundo.<\/p>\n<p>El pont\u00edfice lleg\u00f3 en el papam\u00f3vil a la explanada del santuario. Despu\u00e9s de rezar el rosario sentado frente a la imagen de F\u00e1tima junto a seis reclusos de vari\u00e1s c\u00e1rceles portuguesas y 102 j\u00f3venes enfermos, sentados en las primeras filas de capilla donde la tradici\u00f3n cat\u00f3lica indica se apareci\u00f3 la Virgen Mar\u00eda a tres ni\u00f1os en 1917, el papa pronunci\u00f3 un discurso improvisado en el que pidi\u00f3 preguntar a la Virgen: \u00bfMadre, que me est\u00e1s se\u00f1alando a mi, qu\u00e9 es lo que te preocupa?.<\/p>\n<p>Las apariciones de F\u00e1tima est\u00e1n muy vinculadas a los pontificados y a los conflictos, ya que seg\u00fan revel\u00f3 Sor Lucia muchos a\u00f1os despu\u00e9s, la Virgen les anunci\u00f3 el final de la I Guerra Mundial, el inicio de la II Guerra Mundial y pidi\u00f3 la &#8220;conversi\u00f3n&#8221; de Rusia.<\/p>\n<p>Aunque en el cuarto misterio del rosario se pidi\u00f3 por la paz, se esperaban algunas palabras del papa sobre las guerras en el mundo en este santuario mariano donde ya hab\u00eda estado en mayo de 2017, pero Francisco decidi\u00f3 improvisar un discurso para hablar de la figura de la Virgen que &#8220;siempre est\u00e1&#8221; al lado de las personas.<\/p>\n<p>&#8220;Es nuestra se\u00f1ora apurada, que corre para estar cerca de nosotros y se apura porque es madre y pide que se siga a Jes\u00fas&#8221;, agreg\u00f3.<\/p>\n<p>Francisco, de 86 a\u00f1os, lleg\u00f3 a Portugal el mi\u00e9rcoles (02.08.2023) para encontrarse con j\u00f3venes cat\u00f3licos de todo el mundo, reunidos en Lisboa para una semana de encuentros festivos, culturales y espirituales en la Jornada Mundial de la Juventud.<\/p>\n<p>ee (efe, afp)<\/p>\n<div class=\"venep-after-content venep-entity-placement\" id=\"venep-3289701048\"><div id=\"venep-2943233022\"><a href=\"https:\/\/veneportal.com\/clasificados\/listing\/ary-b-ilustraciones\/\" aria-label=\"ari b ilustraciones\"><img src=\"https:\/\/veneportal.com\/noticias\/wp-content\/uploads\/sites\/2\/2021\/07\/4.png\" alt=\"ari b ilustraciones\"  width=\"300\" height=\"250\"   \/><\/a><\/div><\/div>","protected":false},"excerpt":{"rendered":"<p>Francisco se encuentra en Portugal para encontrase con j\u00f3venes cat\u00f3licos de todo el mundo, reunidos en Lisboa, en la Jornada Mundial de la Juventud. Durante su visita al santuario, fue&hellip; <\/p>\n","protected":false},"author":505,"featured_media":48194,"comment_status":"open","ping_status":"open","sticky":false,"template":"","format":"standard","meta":{"footnotes":""},"categories":[116,85],"tags":[],"class_list":["post-48193","post","type-post","status-publish","format-standard","has-post-thumbnail","hentry","category-iglesia-catolica","category-politica"],"_links":{"self":[{"href":"https:\/\/veneportal.com\/noticias\/wp-json\/wp\/v2\/posts\/48193","targetHints":{"allow":["GET"]}}],"collection":[{"href":"https:\/\/veneportal.com\/noticias\/wp-json\/wp\/v2\/posts"}],"about":[{"href":"https:\/\/veneportal.com\/noticias\/wp-json\/wp\/v2\/types\/post"}],"author":[{"embeddable":true,"href":"https:\/\/veneportal.com\/noticias\/wp-json\/wp\/v2\/users\/505"}],"replies":[{"embeddable":true,"href":"https:\/\/veneportal.com\/noticias\/wp-json\/wp\/v2\/comments?post=48193"}],"version-history":[{"count":1,"href":"https:\/\/veneportal.com\/noticias\/wp-json\/wp\/v2\/posts\/48193\/revisions"}],"predecessor-version":[{"id":58612,"href":"https:\/\/veneportal.com\/noticias\/wp-json\/wp\/v2\/posts\/48193\/revisions\/58612"}],"wp:featuredmedia":[{"embeddable":true,"href":"https:\/\/veneportal.com\/noticias\/wp-json\/wp\/v2\/media\/48194"}],"wp:attachment":[{"href":"https:\/\/veneportal.com\/noticias\/wp-json\/wp\/v2\/media?parent=48193"}],"wp:term":[{"taxonomy":"category","embeddable":true,"href":"https:\/\/veneportal.com\/noticias\/wp-json\/wp\/v2\/categories?post=48193"},{"taxonomy":"post_tag","embeddable":true,"href":"https:\/\/veneportal.com\/noticias\/wp-json\/wp\/v2\/tags?post=48193"}],"curies":[{"name":"wp","href":"https:\/\/api.w.org\/{rel}","templated":true}]}}